{"id":72138,"date":"2022-08-31T13:11:01","date_gmt":"2022-08-31T18:11:01","guid":{"rendered":"https:\/\/nvnoticias.mx\/?p=72138"},"modified":"2022-08-31T13:11:02","modified_gmt":"2022-08-31T18:11:02","slug":"usuarios-de-la-ruta-heron-proal-se-manifiestan-contra-aumento-al-pasaje","status":"publish","type":"post","link":"https:\/\/nvnoticias.mx\/index.php\/2022\/08\/31\/usuarios-de-la-ruta-heron-proal-se-manifiestan-contra-aumento-al-pasaje\/","title":{"rendered":"Usuarios de la ruta Her\u00f3n Proal se manifiestan contra  aumento al pasaje"},"content":{"rendered":"\n<p><strong>Jes\u00fas Utrilla \/ NV Noticias<\/strong><\/p>\n\n\n\n<p>Habitantes de Her\u00f3n Proal, en Medell\u00edn de Bravo, se manifestaron contra el aumento al precio del pasaje de la ruta del mismo nombre.<\/p>\n\n\n\n<p>Cerraron la calle de acceso, pues acusaron que les prometieron en el ajuste pasado a la tarifa invertir en reparar el camino por donde transita el cami\u00f3n, pero nunca sucedi\u00f3.<\/p>\n\n\n\n<p>En esta ocasi\u00f3n el incremento es de 2 pesos pero siguen recibiendo el mismo servicio que a su parecer no es de calidad.<\/p>\n\n\n\n<p>Acusaron tambi\u00e9n que los conductores no respetan el descuento autorizado a adultos mayores y estudiantes.<\/p>\n\n\n\n<p>Aunado a ello los camiones no cuentan con condiciones f\u00edsicas adecuadas para los usuarios<br>La tarifa que les cobran var\u00eda entre 10, 12 y 14 pesos, mientras que la ruta Laguna cobra 8, 9 y 11 pesos, a pesar de que La Her\u00f3n Proal est\u00e1 m\u00e1s cerca.<\/p>\n\n\n\n<p>Despu\u00e9s del di\u00e1logo que sostuvieron con las autoridades levantaron el bloqueo pero una comitiva acudir\u00e1 a las oficinas de Transporte P\u00fablico.<\/p>\n\n\n\n<p>Solicitaron que a la reuni\u00f3n tambi\u00e9n acuda\u00a0 un representante del concesionario.<\/p>\n","protected":false},"excerpt":{"rendered":"<p>Jes\u00fas Utrilla \/ NV Noticias Habitantes de Her\u00f3n Proal, en Medell\u00edn de Bravo, se manifestaron contra el aumento al precio del pasaje de la ruta del mismo nombre. Cerraron la calle de acceso, pues acusaron que les prometieron en el ajuste pasado a la tarifa invertir en reparar el camino por donde transita el cami\u00f3n, [&hellip;]<\/p>\n","protected":false},"author":8,"featured_media":72139,"comment_status":"open","ping_status":"open","sticky":false,"template":"","format":"standard","meta":{"_monsterinsights_skip_tracking":false,"_monsterinsights_sitenote_active":false,"_monsterinsights_sitenote_note":"","_monsterinsights_sitenote_category":0,"footnotes":""},"categories":[154],"tags":[503,15744,18853],"class_list":["post-72138","post","type-post","status-publish","format-standard","has-post-thumbnail","hentry","category-veracruz","tag-manifestacion","tag-pasaje","tag-ruta-heron-proal","wp-image-borders"],"amp_enabled":true,"_links":{"self":[{"href":"https:\/\/nvnoticias.mx\/index.php\/wp-json\/wp\/v2\/posts\/72138","targetHints":{"allow":["GET"]}}],"collection":[{"href":"https:\/\/nvnoticias.mx\/index.php\/wp-json\/wp\/v2\/posts"}],"about":[{"href":"https:\/\/nvnoticias.mx\/index.php\/wp-json\/wp\/v2\/types\/post"}],"author":[{"embeddable":true,"href":"https:\/\/nvnoticias.mx\/index.php\/wp-json\/wp\/v2\/users\/8"}],"replies":[{"embeddable":true,"href":"https:\/\/nvnoticias.mx\/index.php\/wp-json\/wp\/v2\/comments?post=72138"}],"version-history":[{"count":1,"href":"https:\/\/nvnoticias.mx\/index.php\/wp-json\/wp\/v2\/posts\/72138\/revisions"}],"predecessor-version":[{"id":72140,"href":"https:\/\/nvnoticias.mx\/index.php\/wp-json\/wp\/v2\/posts\/72138\/revisions\/72140"}],"wp:featuredmedia":[{"embeddable":true,"href":"https:\/\/nvnoticias.mx\/index.php\/wp-json\/wp\/v2\/media\/72139"}],"wp:attachment":[{"href":"https:\/\/nvnoticias.mx\/index.php\/wp-json\/wp\/v2\/media?parent=72138"}],"wp:term":[{"taxonomy":"category","embeddable":true,"href":"https:\/\/nvnoticias.mx\/index.php\/wp-json\/wp\/v2\/categories?post=72138"},{"taxonomy":"post_tag","embeddable":true,"href":"https:\/\/nvnoticias.mx\/index.php\/wp-json\/wp\/v2\/tags?post=72138"}],"curies":[{"name":"wp","href":"https:\/\/api.w.org\/{rel}","templated":true}]}}