{"id":72129,"date":"2022-08-31T12:49:44","date_gmt":"2022-08-31T17:49:44","guid":{"rendered":"https:\/\/nvnoticias.mx\/?p=72129"},"modified":"2022-08-31T12:49:45","modified_gmt":"2022-08-31T17:49:45","slug":"fueron-rehabilitados-los-caics-y-cadis-de-boca-del-rio","status":"publish","type":"post","link":"https:\/\/nvnoticias.mx\/index.php\/2022\/08\/31\/fueron-rehabilitados-los-caics-y-cadis-de-boca-del-rio\/","title":{"rendered":"Fueron rehabilitados los CAIC&#8217;s y CADIS de Boca Del R\u00edo"},"content":{"rendered":"\n<p><strong>Jes\u00fas Utrilla \/ NV Noticias<\/strong><\/p>\n\n\n\n<p>Con una inversi\u00f3n superior a los 3 millones de pesos, fueron rehabilitados los cinco Centros de Atenci\u00f3n Infantil Comunitarios (CAIC&#8217;s) y CADIS del municipio de Boca Del R\u00edo.<\/p>\n\n\n\n<p>La presidenta del DIF local, Melina Rivera, dijo que ahora las madres de familia tendr\u00e1n espacios dignos para dejar a sus hijos mientras ellas acuden a sus centros laborales.<\/p>\n\n\n\n<p>Ser\u00e1 a partir del lunes pr\u00f3ximo que inicien el ciclo escolar 2022-2023.<\/p>\n\n\n\n<p>Cada CAIC&#8217;s y CADIS contar\u00e1 con 45 maestras y ni\u00f1eras para recibir a los menores.<\/p>\n\n\n\n<blockquote class=\"wp-block-quote is-layout-flow wp-block-quote-is-layout-flow\"><p>\u201c<em>Era una de las principales peticiones. Las guarder\u00edas est\u00e1n listas para que los padres salgan a trabajar con la confianza de que sus hijos van a estar seguros. Por eso mi gran emoci\u00f3n de este d\u00eda porque ya es un hecho<\/em>\u201d.\u00a0<\/p><\/blockquote>\n\n\n\n<p>Invit\u00f3 a las madres de familia que necesiten de este servicio a acudir al Centro de Atenci\u00f3n Infantil Comunitario m\u00e1s cercanos, pues junto con los trabajos de rehabilitaci\u00f3n se busc\u00f3 aumentar el cupo a 80 por los cincos de estos centros.<\/p>\n\n\n\n<blockquote class=\"wp-block-quote is-layout-flow wp-block-quote-is-layout-flow\"><p>\u201c<em>Desde el d\u00eda n\u00famero uno estuvimos muy pendientes para tener este resultado. Estamos muy contentos y felices porque sabemos que es un beneficio para muchas mujeres, para muchas madres solteras y familias en general<\/em>\u201d.\u00a0<\/p><\/blockquote>\n\n\n\n<p>Los cinco inmuebles fueron equipados con material did\u00e1cticos, juegos para ni\u00f1os; adem\u00e1s de cambiarles las instalaciones el\u00e9ctricas, aires acondiciones&nbsp;&nbsp;y se dispondr\u00e1 de veladores para evitar que sean saqueados por los amantes de lo ajeno.<\/p>\n","protected":false},"excerpt":{"rendered":"<p>Jes\u00fas Utrilla \/ NV Noticias Con una inversi\u00f3n superior a los 3 millones de pesos, fueron rehabilitados los cinco Centros de Atenci\u00f3n Infantil Comunitarios (CAIC&#8217;s) y CADIS del municipio de Boca Del R\u00edo. La presidenta del DIF local, Melina Rivera, dijo que ahora las madres de familia tendr\u00e1n espacios dignos para dejar a sus hijos [&hellip;]<\/p>\n","protected":false},"author":8,"featured_media":72130,"comment_status":"open","ping_status":"open","sticky":false,"template":"","format":"standard","meta":{"_monsterinsights_skip_tracking":false,"_monsterinsights_sitenote_active":false,"_monsterinsights_sitenote_note":"","_monsterinsights_sitenote_category":0,"footnotes":""},"categories":[154],"tags":[423,18849,7201,367],"class_list":["post-72129","post","type-post","status-publish","format-standard","has-post-thumbnail","hentry","category-veracruz","tag-boca-del-rio","tag-cadis","tag-caics","tag-rehabilitacion","wp-image-borders"],"amp_enabled":true,"_links":{"self":[{"href":"https:\/\/nvnoticias.mx\/index.php\/wp-json\/wp\/v2\/posts\/72129","targetHints":{"allow":["GET"]}}],"collection":[{"href":"https:\/\/nvnoticias.mx\/index.php\/wp-json\/wp\/v2\/posts"}],"about":[{"href":"https:\/\/nvnoticias.mx\/index.php\/wp-json\/wp\/v2\/types\/post"}],"author":[{"embeddable":true,"href":"https:\/\/nvnoticias.mx\/index.php\/wp-json\/wp\/v2\/users\/8"}],"replies":[{"embeddable":true,"href":"https:\/\/nvnoticias.mx\/index.php\/wp-json\/wp\/v2\/comments?post=72129"}],"version-history":[{"count":1,"href":"https:\/\/nvnoticias.mx\/index.php\/wp-json\/wp\/v2\/posts\/72129\/revisions"}],"predecessor-version":[{"id":72131,"href":"https:\/\/nvnoticias.mx\/index.php\/wp-json\/wp\/v2\/posts\/72129\/revisions\/72131"}],"wp:featuredmedia":[{"embeddable":true,"href":"https:\/\/nvnoticias.mx\/index.php\/wp-json\/wp\/v2\/media\/72130"}],"wp:attachment":[{"href":"https:\/\/nvnoticias.mx\/index.php\/wp-json\/wp\/v2\/media?parent=72129"}],"wp:term":[{"taxonomy":"category","embeddable":true,"href":"https:\/\/nvnoticias.mx\/index.php\/wp-json\/wp\/v2\/categories?post=72129"},{"taxonomy":"post_tag","embeddable":true,"href":"https:\/\/nvnoticias.mx\/index.php\/wp-json\/wp\/v2\/tags?post=72129"}],"curies":[{"name":"wp","href":"https:\/\/api.w.org\/{rel}","templated":true}]}}