{"id":72113,"date":"2022-08-31T12:13:32","date_gmt":"2022-08-31T17:13:32","guid":{"rendered":"https:\/\/nvnoticias.mx\/?p=72113"},"modified":"2022-08-31T12:13:33","modified_gmt":"2022-08-31T17:13:33","slug":"invitan-a-participar-en-la-expo-mascota-2022","status":"publish","type":"post","link":"https:\/\/nvnoticias.mx\/index.php\/2022\/08\/31\/invitan-a-participar-en-la-expo-mascota-2022\/","title":{"rendered":"Invitan a participar en la Expo Mascota 2022"},"content":{"rendered":"\n<p><strong>Jes\u00fas Utrilla \/ NV Noticias<\/strong><\/p>\n\n\n\n<p>Con la finalidad de apoyar a las protectoras de animales, La Roca y Grupo Pro Mejora Animal, se llevar\u00e1 a cabo la Expo Mascota 2022.<\/p>\n\n\n\n<p>Oliver Olmos Cabrera,&nbsp;&nbsp;organizador del evento dijo que habr\u00e1 espacios para expositores del orden local, nacional e internacional; marcas que sean de la m\u00e1s alta calidad y de los mejores servicios.<\/p>\n\n\n\n<p>La Expo Mascota 2022, lleva como slogan principal \u201cGarritas Felices y Consentidas\u201d, ya que tambi\u00e9n resalta la necesidad de que todas las mascotas tengan una vida feliz, que sean protegidos y resguardados y se evite dejarlos en situaci\u00f3n de calle.<\/p>\n\n\n\n<p>El 50 por ciento de las ganancias por las ventas de stands y de acceso, ser\u00e1 destinado a las asociaciones \u201cLa Roca\u201d y el \u201cGrupo Pro Mejora Animal\u201d, ambas agrupaciones que cuentan con varios a\u00f1os de trabajo arduo y preocupados por el buen vivir de las mascotas.<\/p>\n\n\n\n<blockquote class=\"wp-block-quote is-layout-flow wp-block-quote-is-layout-flow\"><p>\u201c<em>Anunciamos a ustedes este evento, nunca antes visto en Veracruz, queremos que est\u00e9n presentes las mejores marcas, las de mayor calidad en productos y servicios<\/em>\u201d.<\/p><\/blockquote>\n\n\n\n<p>Se espera que el evento contribuya a reactivar la econom\u00eda, al estar involucrados los expositores y a su vez la asistencia de todos los consumidores.<\/p>\n\n\n\n<blockquote class=\"wp-block-quote is-layout-flow wp-block-quote-is-layout-flow\"><p>\u201c<em>Vamos apoyar a su vez con la reactivaci\u00f3n econ\u00f3mica que tanto necesitamos, expositores y consumidores se van a ver involucrados<\/em>\u201d.<\/p><\/blockquote>\n\n\n\n<p>Mantienen la venta de Stands y espacios dentro de la Expo Mascota 2022, dijo que ya existen muchas marcas interesadas en participar y que estar\u00e1n organiz\u00e1ndose para que sea un evento de gran \u00e9xito.<\/p>\n\n\n\n<p>La Expo Mascota 2022, se llevar\u00e1 acabo el pr\u00f3ximo 6 de Noviembre en el Sal\u00f3n Taj\u00edn del World Trade Center de Boca del R\u00edo.<\/p>\n","protected":false},"excerpt":{"rendered":"<p>Jes\u00fas Utrilla \/ NV Noticias Con la finalidad de apoyar a las protectoras de animales, La Roca y Grupo Pro Mejora Animal, se llevar\u00e1 a cabo la Expo Mascota 2022. Oliver Olmos Cabrera,&nbsp;&nbsp;organizador del evento dijo que habr\u00e1 espacios para expositores del orden local, nacional e internacional; marcas que sean de la m\u00e1s alta calidad [&hellip;]<\/p>\n","protected":false},"author":8,"featured_media":72114,"comment_status":"open","ping_status":"open","sticky":false,"template":"","format":"standard","meta":{"_monsterinsights_skip_tracking":false,"_monsterinsights_sitenote_active":false,"_monsterinsights_sitenote_note":"","_monsterinsights_sitenote_category":0,"footnotes":""},"categories":[154],"tags":[18845],"class_list":["post-72113","post","type-post","status-publish","format-standard","has-post-thumbnail","hentry","category-veracruz","tag-expo-mascotas-2022","wp-image-borders"],"amp_enabled":true,"_links":{"self":[{"href":"https:\/\/nvnoticias.mx\/index.php\/wp-json\/wp\/v2\/posts\/72113","targetHints":{"allow":["GET"]}}],"collection":[{"href":"https:\/\/nvnoticias.mx\/index.php\/wp-json\/wp\/v2\/posts"}],"about":[{"href":"https:\/\/nvnoticias.mx\/index.php\/wp-json\/wp\/v2\/types\/post"}],"author":[{"embeddable":true,"href":"https:\/\/nvnoticias.mx\/index.php\/wp-json\/wp\/v2\/users\/8"}],"replies":[{"embeddable":true,"href":"https:\/\/nvnoticias.mx\/index.php\/wp-json\/wp\/v2\/comments?post=72113"}],"version-history":[{"count":1,"href":"https:\/\/nvnoticias.mx\/index.php\/wp-json\/wp\/v2\/posts\/72113\/revisions"}],"predecessor-version":[{"id":72115,"href":"https:\/\/nvnoticias.mx\/index.php\/wp-json\/wp\/v2\/posts\/72113\/revisions\/72115"}],"wp:featuredmedia":[{"embeddable":true,"href":"https:\/\/nvnoticias.mx\/index.php\/wp-json\/wp\/v2\/media\/72114"}],"wp:attachment":[{"href":"https:\/\/nvnoticias.mx\/index.php\/wp-json\/wp\/v2\/media?parent=72113"}],"wp:term":[{"taxonomy":"category","embeddable":true,"href":"https:\/\/nvnoticias.mx\/index.php\/wp-json\/wp\/v2\/categories?post=72113"},{"taxonomy":"post_tag","embeddable":true,"href":"https:\/\/nvnoticias.mx\/index.php\/wp-json\/wp\/v2\/tags?post=72113"}],"curies":[{"name":"wp","href":"https:\/\/api.w.org\/{rel}","templated":true}]}}