{"id":72097,"date":"2022-08-31T11:29:48","date_gmt":"2022-08-31T16:29:48","guid":{"rendered":"https:\/\/nvnoticias.mx\/?p=72097"},"modified":"2022-08-31T11:29:50","modified_gmt":"2022-08-31T16:29:50","slug":"se-aferra-diputado-al-pan-aunque-lo-quieren-expulsar","status":"publish","type":"post","link":"https:\/\/nvnoticias.mx\/index.php\/2022\/08\/31\/se-aferra-diputado-al-pan-aunque-lo-quieren-expulsar\/","title":{"rendered":"Se aferra diputado al PAN, aunque lo quieren expulsar"},"content":{"rendered":"\n<p><strong>Sam Ojeda | NV Noticias<\/strong><\/p>\n\n\n\n<p>Xalapa.- El diputado local Oth\u00f3n Hern\u00e1ndez Candanedo neg\u00f3 que tenga planeado renunciar al Partido Acci\u00f3n Nacional (PAN) luego de que vot\u00f3 a favor de la llamada \u201cLey Nahle\u201d.<\/p>\n\n\n\n<blockquote class=\"wp-block-quote is-layout-flow wp-block-quote-is-layout-flow\"><p>\u201cNo tengo la invitaci\u00f3n de nadie del PT, pero adem\u00e1s no me quiero ir de Acci\u00f3n Nacional. Me quedo en el partido\u201d, dijo.<\/p><\/blockquote>\n\n\n\n<p>En entrevista, dijo que continuar\u00e1 al frente de la bancada de Acci\u00f3n Nacional hasta el 4 de noviembre, cuando vence su periodo pero que no tiene pensado pasarse a otro instituto pol\u00edtico.<\/p>\n\n\n\n<blockquote class=\"wp-block-quote is-layout-flow wp-block-quote-is-layout-flow\"><p>\u201cSon rumores, yo estoy contento trabajando en el partido, no solo para hacer crecer la militancia a nivel estatal y trabajando hacia afuera con los veracruzanos\u201d.<\/p><\/blockquote>\n\n\n\n<p>Adem\u00e1s, dijo que al iniciar el proceso de expulsi\u00f3n Comit\u00e9 Directivo Estatal por haber avalado la \u201cLey Nahle\u201d acudir\u00e1 a tribunales para evitar la expulsi\u00f3n de la bancada.<\/p>\n\n\n\n<p>A\u00fan as\u00ed, dijo que si lo expulsan de la bancada esto no significa que se aplique a su militancia como panista.<\/p>\n\n\n\n<blockquote class=\"wp-block-quote is-layout-flow wp-block-quote-is-layout-flow\"><p>\u201cPueden iniciar el proceso pero tengo derechos como militante e ir\u00e9 a los tribunales para que sean respetados; espero que el Tribunal resuelva a favor y me reincorpore a la bancada. Una cosa es que me excluyan del grupo legislativo y otra mi militancia\u201d.<\/p><\/blockquote>\n","protected":false},"excerpt":{"rendered":"<p>Sam Ojeda | NV Noticias Xalapa.- El diputado local Oth\u00f3n Hern\u00e1ndez Candanedo neg\u00f3 que tenga planeado renunciar al Partido Acci\u00f3n Nacional (PAN) luego de que vot\u00f3 a favor de la llamada \u201cLey Nahle\u201d. \u201cNo tengo la invitaci\u00f3n de nadie del PT, pero adem\u00e1s no me quiero ir de Acci\u00f3n Nacional. Me quedo en el partido\u201d, [&hellip;]<\/p>\n","protected":false},"author":35,"featured_media":72098,"comment_status":"open","ping_status":"open","sticky":false,"template":"","format":"standard","meta":{"_monsterinsights_skip_tracking":false,"_monsterinsights_sitenote_active":false,"_monsterinsights_sitenote_note":"","_monsterinsights_sitenote_category":0,"footnotes":""},"categories":[156],"tags":[1514,18843,17902,284],"class_list":["post-72097","post","type-post","status-publish","format-standard","has-post-thumbnail","hentry","category-estado","tag-diputado","tag-expulsar","tag-ley-nahle","tag-pan","wp-image-borders"],"amp_enabled":true,"_links":{"self":[{"href":"https:\/\/nvnoticias.mx\/index.php\/wp-json\/wp\/v2\/posts\/72097","targetHints":{"allow":["GET"]}}],"collection":[{"href":"https:\/\/nvnoticias.mx\/index.php\/wp-json\/wp\/v2\/posts"}],"about":[{"href":"https:\/\/nvnoticias.mx\/index.php\/wp-json\/wp\/v2\/types\/post"}],"author":[{"embeddable":true,"href":"https:\/\/nvnoticias.mx\/index.php\/wp-json\/wp\/v2\/users\/35"}],"replies":[{"embeddable":true,"href":"https:\/\/nvnoticias.mx\/index.php\/wp-json\/wp\/v2\/comments?post=72097"}],"version-history":[{"count":1,"href":"https:\/\/nvnoticias.mx\/index.php\/wp-json\/wp\/v2\/posts\/72097\/revisions"}],"predecessor-version":[{"id":72099,"href":"https:\/\/nvnoticias.mx\/index.php\/wp-json\/wp\/v2\/posts\/72097\/revisions\/72099"}],"wp:featuredmedia":[{"embeddable":true,"href":"https:\/\/nvnoticias.mx\/index.php\/wp-json\/wp\/v2\/media\/72098"}],"wp:attachment":[{"href":"https:\/\/nvnoticias.mx\/index.php\/wp-json\/wp\/v2\/media?parent=72097"}],"wp:term":[{"taxonomy":"category","embeddable":true,"href":"https:\/\/nvnoticias.mx\/index.php\/wp-json\/wp\/v2\/categories?post=72097"},{"taxonomy":"post_tag","embeddable":true,"href":"https:\/\/nvnoticias.mx\/index.php\/wp-json\/wp\/v2\/tags?post=72097"}],"curies":[{"name":"wp","href":"https:\/\/api.w.org\/{rel}","templated":true}]}}