{"id":72093,"date":"2022-08-31T11:19:31","date_gmt":"2022-08-31T16:19:31","guid":{"rendered":"https:\/\/nvnoticias.mx\/?p=72093"},"modified":"2022-08-31T11:19:33","modified_gmt":"2022-08-31T16:19:33","slug":"asegura-ricardo-monreal-que-no-se-hinca-ante-nadie","status":"publish","type":"post","link":"https:\/\/nvnoticias.mx\/index.php\/2022\/08\/31\/asegura-ricardo-monreal-que-no-se-hinca-ante-nadie\/","title":{"rendered":"Asegura Ricardo Monreal que no se hinca ante nadie"},"content":{"rendered":"\n<p>En la antesala para definir al&nbsp;<strong>presidente de la Mesa Directiva del Senado<\/strong>, el coordinador de Morena en el Senado,&nbsp;<strong>Ricardo Monreal \u00c1vila<\/strong>&nbsp;afirm\u00f3 que&nbsp;<strong>no se hinca ante nadie, adem\u00e1s de que no es s\u00fabdito ni vasallo<\/strong>.<\/p>\n\n\n\n<p>Luego de una disputa al interior de la bancada de Morena por la ausencia de cuatro secretarios de Estado que estaban invitados a un a reuni\u00f3n plenaria, el senador\u00a0<strong>Monreal detall\u00f3 que los puestos no son lo importante<\/strong>\u00a0y \u00e9l, en lo personal, est\u00e1 acostumbrado a luchar contra la adversidad.<\/p>\n\n\n\n<blockquote class=\"wp-block-quote is-layout-flow wp-block-quote-is-layout-flow\"><p>&#8220;Estamos acostumbrados&nbsp;y hoy necesitamos lograr nuestra aspiraci\u00f3n de ser una Rep\u00fablica de hombres libres y hombres conscientes. El presidente nos convoca todos los d\u00edas a no ser s\u00fabditos, a no ser vasallos, a actuar con autonom\u00eda y que el Senado sea un aut\u00e9ntico \u00f3rgano de control parlamentario&#8221;<\/p><\/blockquote>\n\n\n\n<p>\u00a0Esto ante las cr\u00edticas que recibi\u00f3 ayer por parte de senadores morenistas que\u00a0<strong>le recriminaron el alejamiento con el presidente Andr\u00e9s Manuel L\u00f3pez Obrador<\/strong>.<\/p>\n\n\n\n<blockquote class=\"wp-block-quote is-layout-flow wp-block-quote-is-layout-flow\"><p>&#8220;Nosotros\u00a0preferimos ser un \u00f3rgano aut\u00f3nomo y de control parlamentario en el equilibrio de los poderes\u00a0y, nosotros\u00a0como dice el presidente,\u00a0<strong>no nos hincanos ante nadie, s\u00f3lo ante el pueblo<\/strong>, pero tambi\u00e9n la Constituci\u00f3n y la ley son nuestro principal instrumento para convivir y asumir con responsabilidad toda nuestra funci\u00f3n&#8221;, expres\u00f3.\u00a0<\/p><\/blockquote>\n\n\n\n<p>Hoy,\u00a0<strong>Morena elegir\u00e1 a su candidato para presidir la Mesa Directiva del Senado de la Rep\u00fablica<\/strong>\u00a0y, hasta este momento, no se ha logrdo un acuerdo entre los cuatro aspirantes:\u00a0<strong>Jos\u00e9 Narro C\u00e9spedes<\/strong>,\u00a0<strong>Alejandro Armenta<\/strong>,\u00a0<strong>Gabriel Garc\u00eda Hern\u00e1ndez<\/strong>\u00a0e\u00a0<strong>Higinio Mart\u00ednez<\/strong>. Si Morena no alcanza un consenso, se instalar\u00e1n urnas para que se realice una elecci\u00f3n directa normal.<\/p>\n\n\n\n<blockquote class=\"wp-block-quote is-layout-flow wp-block-quote-is-layout-flow\"><p>&#8220;Son tiempos de tormenta, nosotros estamos acostumbrados a luchar contra la adversidad, cuando uno viene desde abajo sin estructuras y sin el cobijo del poder, siempre es m\u00e1s complicado&#8221;<\/p><\/blockquote>\n\n\n\n<blockquote class=\"twitter-tweet\"><p lang=\"es\" dir=\"ltr\">Buen d\u00eda, ser\u00e1 una jornada intensa. Hoy se elige la nueva Mesa Directiva del <a href=\"https:\/\/twitter.com\/senadomexicano?ref_src=twsrc%5Etfw\">@senadomexicano<\/a>. Actuaremos siempre con dignidad y con decoro. <a href=\"https:\/\/t.co\/XJ6ZQOqNAr\">pic.twitter.com\/XJ6ZQOqNAr<\/a><\/p>&mdash; Ricardo Monreal A. (@RicardoMonrealA) <a href=\"https:\/\/twitter.com\/RicardoMonrealA\/status\/1564949860981374993?ref_src=twsrc%5Etfw\">August 31, 2022<\/a><\/blockquote> <script async src=\"https:\/\/platform.twitter.com\/widgets.js\" charset=\"utf-8\"><\/script>\n\n\n\n<p><a href=\"https:\/\/heraldodemexico.com.mx\/nacional\/2022\/8\/31\/ricardo-monreal-asegura-que-no-se-hinca-ante-nadie-no-somos-subditos-ni-vasallos-435465.html\" data-type=\"URL\" data-id=\"https:\/\/heraldodemexico.com.mx\/nacional\/2022\/8\/31\/ricardo-monreal-asegura-que-no-se-hinca-ante-nadie-no-somos-subditos-ni-vasallos-435465.html\">El Heraldo de M\u00e9xico<\/a><\/p>\n","protected":false},"excerpt":{"rendered":"<p>En la antesala para definir al&nbsp;presidente de la Mesa Directiva del Senado, el coordinador de Morena en el Senado,&nbsp;Ricardo Monreal \u00c1vila&nbsp;afirm\u00f3 que&nbsp;no se hinca ante nadie, adem\u00e1s de que no es s\u00fabdito ni vasallo. Luego de una disputa al interior de la bancada de Morena por la ausencia de cuatro secretarios de Estado que estaban [&hellip;]<\/p>\n","protected":false},"author":35,"featured_media":69914,"comment_status":"open","ping_status":"open","sticky":false,"template":"","format":"standard","meta":{"_monsterinsights_skip_tracking":false,"_monsterinsights_sitenote_active":false,"_monsterinsights_sitenote_note":"","_monsterinsights_sitenote_category":0,"footnotes":""},"categories":[158],"tags":[7328,18838,13944,600],"class_list":["post-72093","post","type-post","status-publish","format-standard","has-post-thumbnail","hentry","category-politica","tag-asegura","tag-hinca","tag-nadie","tag-ricardo-monreal","wp-image-borders"],"amp_enabled":true,"_links":{"self":[{"href":"https:\/\/nvnoticias.mx\/index.php\/wp-json\/wp\/v2\/posts\/72093","targetHints":{"allow":["GET"]}}],"collection":[{"href":"https:\/\/nvnoticias.mx\/index.php\/wp-json\/wp\/v2\/posts"}],"about":[{"href":"https:\/\/nvnoticias.mx\/index.php\/wp-json\/wp\/v2\/types\/post"}],"author":[{"embeddable":true,"href":"https:\/\/nvnoticias.mx\/index.php\/wp-json\/wp\/v2\/users\/35"}],"replies":[{"embeddable":true,"href":"https:\/\/nvnoticias.mx\/index.php\/wp-json\/wp\/v2\/comments?post=72093"}],"version-history":[{"count":1,"href":"https:\/\/nvnoticias.mx\/index.php\/wp-json\/wp\/v2\/posts\/72093\/revisions"}],"predecessor-version":[{"id":72094,"href":"https:\/\/nvnoticias.mx\/index.php\/wp-json\/wp\/v2\/posts\/72093\/revisions\/72094"}],"wp:featuredmedia":[{"embeddable":true,"href":"https:\/\/nvnoticias.mx\/index.php\/wp-json\/wp\/v2\/media\/69914"}],"wp:attachment":[{"href":"https:\/\/nvnoticias.mx\/index.php\/wp-json\/wp\/v2\/media?parent=72093"}],"wp:term":[{"taxonomy":"category","embeddable":true,"href":"https:\/\/nvnoticias.mx\/index.php\/wp-json\/wp\/v2\/categories?post=72093"},{"taxonomy":"post_tag","embeddable":true,"href":"https:\/\/nvnoticias.mx\/index.php\/wp-json\/wp\/v2\/tags?post=72093"}],"curies":[{"name":"wp","href":"https:\/\/api.w.org\/{rel}","templated":true}]}}