{"id":72059,"date":"2022-08-31T10:03:16","date_gmt":"2022-08-31T15:03:16","guid":{"rendered":"https:\/\/nvnoticias.mx\/?p=72059"},"modified":"2022-08-31T10:04:52","modified_gmt":"2022-08-31T15:04:52","slug":"se-incendia-cuarto-de-lavado-del-hotel-azteca-en-veracruz","status":"publish","type":"post","link":"https:\/\/nvnoticias.mx\/index.php\/2022\/08\/31\/se-incendia-cuarto-de-lavado-del-hotel-azteca-en-veracruz\/","title":{"rendered":"Se incendia cuarto de lavado del Hotel Azteca en Veracruz"},"content":{"rendered":"\n<p><strong>Jes\u00fas Utrilla | NV Noticias<\/strong><\/p>\n\n\n\n<p>Se suscit\u00f3 un incendio en el cuarto piso del Hotel Azteca, en la ciudad de Veracruz.<\/p>\n\n\n\n<p>Los hu\u00e9spedes salieron del lugar en pa\u00f1os menores y como se encontraban vestidos en el momento de los hechos.<\/p>\n\n\n\n<p>Al lugar llegaron elementos de Bomberos y Protecci\u00f3n Civil, quienes evacuaron tambi\u00e9n a los ni\u00f1os del Colegio Real Victoria, solo de manera preventiva.<\/p>\n\n\n\n<p>El fuego fue controlado por elementos de Bomberos Municiples de Veracruz y no se reportaron personas lesionadas.<\/p>\n\n\n\n<p>Alfonso Garc\u00eda Cardona, director de Proteccion Civil y Bomberos, dijo que la llamada al 911 fue realizada por personal del propio hotel y al inspeccionar se constat\u00f3 que todo inicio en el cuarto de lavado.<\/p>\n\n\n\n<p>Sin embargo, las causas se desconocen y ser\u00e1n determinadas por la Fiscal\u00eda.<\/p>\n\n\n\n<blockquote class=\"wp-block-quote is-layout-flow wp-block-quote-is-layout-flow\"><p>\u201cLa Direcci\u00f2n del hotel deber\u00e1 levantar la denuncia correspondiente para que se determinen las causas de lo que ocurri\u00f3\u201d.<\/p><\/blockquote>\n\n\n\n<p>Aunque desalojaron a todas las personas del hotel, el incendio no pas\u00f3 del cuarto de lavado.<\/p>\n","protected":false},"excerpt":{"rendered":"<p>Jes\u00fas Utrilla | NV Noticias Se suscit\u00f3 un incendio en el cuarto piso del Hotel Azteca, en la ciudad de Veracruz. Los hu\u00e9spedes salieron del lugar en pa\u00f1os menores y como se encontraban vestidos en el momento de los hechos. Al lugar llegaron elementos de Bomberos y Protecci\u00f3n Civil, quienes evacuaron tambi\u00e9n a los ni\u00f1os [&hellip;]<\/p>\n","protected":false},"author":35,"featured_media":72061,"comment_status":"open","ping_status":"open","sticky":false,"template":"","format":"standard","meta":{"_monsterinsights_skip_tracking":false,"_monsterinsights_sitenote_active":false,"_monsterinsights_sitenote_note":"","_monsterinsights_sitenote_category":0,"footnotes":""},"categories":[154],"tags":[13057,10065,18824,9150,180],"class_list":["post-72059","post","type-post","status-publish","format-standard","has-post-thumbnail","hentry","category-veracruz","tag-cuarto","tag-hotel","tag-incendia","tag-lavado","tag-veracruz","wp-image-borders"],"amp_enabled":true,"_links":{"self":[{"href":"https:\/\/nvnoticias.mx\/index.php\/wp-json\/wp\/v2\/posts\/72059","targetHints":{"allow":["GET"]}}],"collection":[{"href":"https:\/\/nvnoticias.mx\/index.php\/wp-json\/wp\/v2\/posts"}],"about":[{"href":"https:\/\/nvnoticias.mx\/index.php\/wp-json\/wp\/v2\/types\/post"}],"author":[{"embeddable":true,"href":"https:\/\/nvnoticias.mx\/index.php\/wp-json\/wp\/v2\/users\/35"}],"replies":[{"embeddable":true,"href":"https:\/\/nvnoticias.mx\/index.php\/wp-json\/wp\/v2\/comments?post=72059"}],"version-history":[{"count":1,"href":"https:\/\/nvnoticias.mx\/index.php\/wp-json\/wp\/v2\/posts\/72059\/revisions"}],"predecessor-version":[{"id":72060,"href":"https:\/\/nvnoticias.mx\/index.php\/wp-json\/wp\/v2\/posts\/72059\/revisions\/72060"}],"wp:featuredmedia":[{"embeddable":true,"href":"https:\/\/nvnoticias.mx\/index.php\/wp-json\/wp\/v2\/media\/72061"}],"wp:attachment":[{"href":"https:\/\/nvnoticias.mx\/index.php\/wp-json\/wp\/v2\/media?parent=72059"}],"wp:term":[{"taxonomy":"category","embeddable":true,"href":"https:\/\/nvnoticias.mx\/index.php\/wp-json\/wp\/v2\/categories?post=72059"},{"taxonomy":"post_tag","embeddable":true,"href":"https:\/\/nvnoticias.mx\/index.php\/wp-json\/wp\/v2\/tags?post=72059"}],"curies":[{"name":"wp","href":"https:\/\/api.w.org\/{rel}","templated":true}]}}