{"id":72035,"date":"2022-08-30T17:27:49","date_gmt":"2022-08-30T22:27:49","guid":{"rendered":"https:\/\/nvnoticias.mx\/?p=72035"},"modified":"2022-08-30T17:27:51","modified_gmt":"2022-08-30T22:27:51","slug":"alito-moreno-dice-no-tener-miedo-ante-desafuero","status":"publish","type":"post","link":"https:\/\/nvnoticias.mx\/index.php\/2022\/08\/30\/alito-moreno-dice-no-tener-miedo-ante-desafuero\/","title":{"rendered":"&#8216;Alito&#8217; Moreno dice no tener miedo ante desafuero"},"content":{"rendered":"\n<p>El legislador y presidente nacional del Partido Revolucionario Institucional (PRI), Alejandro Moreno, neg\u00f3 sentir miedo ante el inminente inicio del proceso de desafuero en su contra por presunto enriquecimiento il\u00edcito. <\/p>\n\n\n\n<blockquote class=\"wp-block-quote is-layout-flow wp-block-quote-is-layout-flow\"><p>&#8220;<em>Nosotros estamos firmes y listos; al final del camino nosotros estamos por el respeto a la ley, a la Constituci\u00f3n, eso s\u00ed, siempre de cara al pueblo de M\u00e9xico, sin ocultar nada<\/em>&#8220;, ataj\u00f3. <\/p><\/blockquote>\n\n\n\n<p>Entrevistado al finalizar la reuni\u00f3n plenaria de la coalici\u00f3n \u201cVa por M\u00e9xico\u201d en la C\u00e1mara de Diputados, Moreno sostuvo que atender\u00e1 el proceso de manera firme y hacia adelante. <\/p>\n\n\n\n<p>Evit\u00f3, sin embargo, abundar sobre el proceso para retirarle el fuero que la mayor\u00eda parlamentaria de Morena prev\u00e9 resolver en fast-track durante el periodo ordinario de sesiones por comenzar este 1 de septiembre. <\/p>\n\n\n\n<p>La Fiscal\u00eda General del Estado de Campeche solicit\u00f3 el 16 de agosto a la C\u00e1mara de Diputados el desafuero Alejandro Moreno como presunto responsable de enriquecimiento il\u00edcito durante su gesti\u00f3n como gobernador de dicha entidad. <\/p>\n\n\n\n<p>El fiscal campechano, Renato Sales, detall\u00f3 que tan solo la \u201cmansi\u00f3n\u201d del acusado en la capital de Campeche tiene un valor de 130 millones de pesos, a lo que se suman cuadros, esculturas y piezas art\u00edsticas valuadas en m\u00e1s de 50 millones. <\/p>\n\n\n\n<p>Revel\u00f3, sin embargo, que el Ministerio P\u00fabico no hall\u00f3 joyas ni autos de colecci\u00f3n durante el cateo al referido domicilio. <\/p>\n\n\n\n<blockquote class=\"wp-block-quote is-layout-flow wp-block-quote-is-layout-flow\"><p>\u201c<em>Lo que constituye el delito de enriquecimiento il\u00edcito precisamente es la desproporci\u00f3n ente los ingresos devengados y lo que se declara patrimonialmente y las propiedades ya valuadas<\/em>\u201d, puntualiz\u00f3. <\/p><\/blockquote>\n\n\n\n<p>Fuente: <a href=\"https:\/\/www.milenio.com\/politica\/alito-moreno-cero-miedo-eventual-desafuero\">Milenio<\/a><\/p>\n","protected":false},"excerpt":{"rendered":"<p>El legislador y presidente nacional del Partido Revolucionario Institucional (PRI), Alejandro Moreno, neg\u00f3 sentir miedo ante el inminente inicio del proceso de desafuero en su contra por presunto enriquecimiento il\u00edcito. &#8220;Nosotros estamos firmes y listos; al final del camino nosotros estamos por el respeto a la ley, a la Constituci\u00f3n, eso s\u00ed, siempre de cara [&hellip;]<\/p>\n","protected":false},"author":8,"featured_media":26733,"comment_status":"open","ping_status":"open","sticky":false,"template":"","format":"standard","meta":{"_monsterinsights_skip_tracking":false,"_monsterinsights_sitenote_active":false,"_monsterinsights_sitenote_note":"","_monsterinsights_sitenote_category":0,"footnotes":""},"categories":[158],"tags":[16779,3281],"class_list":["post-72035","post","type-post","status-publish","format-standard","has-post-thumbnail","hentry","category-politica","tag-alito-moreno","tag-desafuero","wp-image-borders"],"amp_enabled":true,"_links":{"self":[{"href":"https:\/\/nvnoticias.mx\/index.php\/wp-json\/wp\/v2\/posts\/72035","targetHints":{"allow":["GET"]}}],"collection":[{"href":"https:\/\/nvnoticias.mx\/index.php\/wp-json\/wp\/v2\/posts"}],"about":[{"href":"https:\/\/nvnoticias.mx\/index.php\/wp-json\/wp\/v2\/types\/post"}],"author":[{"embeddable":true,"href":"https:\/\/nvnoticias.mx\/index.php\/wp-json\/wp\/v2\/users\/8"}],"replies":[{"embeddable":true,"href":"https:\/\/nvnoticias.mx\/index.php\/wp-json\/wp\/v2\/comments?post=72035"}],"version-history":[{"count":1,"href":"https:\/\/nvnoticias.mx\/index.php\/wp-json\/wp\/v2\/posts\/72035\/revisions"}],"predecessor-version":[{"id":72036,"href":"https:\/\/nvnoticias.mx\/index.php\/wp-json\/wp\/v2\/posts\/72035\/revisions\/72036"}],"wp:featuredmedia":[{"embeddable":true,"href":"https:\/\/nvnoticias.mx\/index.php\/wp-json\/wp\/v2\/media\/26733"}],"wp:attachment":[{"href":"https:\/\/nvnoticias.mx\/index.php\/wp-json\/wp\/v2\/media?parent=72035"}],"wp:term":[{"taxonomy":"category","embeddable":true,"href":"https:\/\/nvnoticias.mx\/index.php\/wp-json\/wp\/v2\/categories?post=72035"},{"taxonomy":"post_tag","embeddable":true,"href":"https:\/\/nvnoticias.mx\/index.php\/wp-json\/wp\/v2\/tags?post=72035"}],"curies":[{"name":"wp","href":"https:\/\/api.w.org\/{rel}","templated":true}]}}