{"id":72018,"date":"2022-08-30T15:23:35","date_gmt":"2022-08-30T20:23:35","guid":{"rendered":"https:\/\/nvnoticias.mx\/?p=72018"},"modified":"2022-08-30T15:23:37","modified_gmt":"2022-08-30T20:23:37","slug":"acusa-sheinbaum-a-pan-de-politizar-inauguracion-de-trolebus-elevado-en-cdmx","status":"publish","type":"post","link":"https:\/\/nvnoticias.mx\/index.php\/2022\/08\/30\/acusa-sheinbaum-a-pan-de-politizar-inauguracion-de-trolebus-elevado-en-cdmx\/","title":{"rendered":"Acusa Sheinbaum a PAN de politizar inauguraci\u00f3n de Troleb\u00fas elevado en CdMx"},"content":{"rendered":"\n<p>La jefa de Gobierno de la Ciudad de M\u00e9xico,\u00a0Claudia Sheinbaum Pardo, acus\u00f3 que el Partido Acci\u00f3n Nacional (PAN) politiz\u00f3 la inauguraci\u00f3n del Troleb\u00fas elevado en la alcald\u00eda Iztapalapa, prevista para el 11 de septiembre, luego de que\u00a0diputados panistas pidieron aplazar su apertura\u00a0al afirmar que a\u00fan falta concluir las obras al 100 por ciento.<\/p>\n\n\n\n<p>En conferencia de prensa, la mandataria capitalina dijo que &#8220;el PAN politiza todo&#8221;, debido a que no han podido explicar las acusaciones por los inmuebles irregulares que se han detectado en la alcald\u00eda Benito Ju\u00e1rez.<\/p>\n\n\n\n<blockquote class=\"wp-block-quote is-layout-flow wp-block-quote-is-layout-flow\"><p>&#8220;El PAN politiza todo porque como no pueden contestar el tema del cartel inmobiliario, pues entonces ya le est\u00e1n buscando por otro lado, entonces, no&#8221;, declar\u00f3.<\/p><\/blockquote>\n\n\n\n<p>Aclar\u00f3 que el 11 de septiembre se inaugurar\u00e1 el Troleb\u00fas elevado, pero que ese d\u00eda comenzar\u00e1n las pruebas para que los operadores conozcan las unidades.<\/p>\n\n\n\n<p>Detall\u00f3 que el esquema de operaciones del Troleb\u00fas elevado en Iztapalapa es similar al desarrollado en el Metrob\u00fas, donde hay participaci\u00f3n p\u00fablica y privada, en donde los conductores de los antiguos microbuses constituyen empresas con las que pueden participar en el nuevo sistema de transporte, tanto con unidades como con el manejo.<\/p>\n\n\n\n<blockquote class=\"wp-block-quote is-layout-flow wp-block-quote-is-layout-flow\"><p>&#8220;No s\u00e9 si saben c\u00f3mo funciona el Metrob\u00fas, el Metrob\u00fas funciona, las l\u00edneas de Metrob\u00fas funcionan con participaci\u00f3n privada y participaci\u00f3n p\u00fablica y el organismo regulador es del gobierno de la Ciudad, desde que se hizo la L\u00ednea 1 la participaci\u00f3n privada es de los antiguos microbuseros de los antiguos concesionarios de transporte p\u00fablico en Insurgentes, que usaban microbuses, ellos hicieron una empresa y formaron CISA que es uno de los operadores de Metrob\u00fas Insurgentes y adem\u00e1s ah\u00ed opera la Red de Transporte de Pasajeros&#8221;, afirm\u00f3.<\/p><\/blockquote>\n\n\n\n<p>Sheinbaum no precis\u00f3 el periodo de pruebas que se requerir\u00e1 para que los conductores se familiaricen con los nuevos trolebuses, pero dijo que ser\u00e1 en menos de un mes. Tampoco precis\u00f3 cu\u00e1ndo ser\u00e1 abierto al p\u00fablico en su totalidad.<\/p>\n\n\n\n<blockquote class=\"wp-block-quote is-layout-flow wp-block-quote-is-layout-flow\"><p>\u201cAhora en el Troleb\u00fas elevado estamos haciendo un sistema similar, quienes ten\u00edan concesiones de microbuses en Ermita- Iztapalapa se van a chatarrizar todos los microbuses y en vez de sustituirlos por un autob\u00fas como el Metrob\u00fas, ellos compraron trolebuses y van a estar operando trolebuses en el Troleb\u00fas elevado y tambi\u00e9n va a operar sistema de transporte el\u00e9ctrico, entonces es un sistema mixto, de los antiguos operadores de microb\u00fas y de el sistema de transporte el\u00e9ctrico, entonces ellos tienen que entrar un periodo de pruebas, para aprender los conductores a manejar los trolebuses etc\u00e9tera, entonces el 11 es la inauguraci\u00f3n, pero inician las pruebas para que los conductores conozcan bien c\u00f3mo operar un Troleb\u00fas y a partir de ah\u00ed pues estamos revisando en el momento que ya est\u00e1n totalmente seguro pues ya entrar\u00eda en operaci\u00f3n.<\/p><\/blockquote>\n\n\n\n<blockquote class=\"wp-block-quote is-layout-flow wp-block-quote-is-layout-flow\"><p>&#8220;Menos de un mes, no s\u00e9 Andr\u00e9s Lajous (secretario de movilidad) conoce bien el tema , pero pues tienen que iniciar el procedimiento, nosotros esperamos que una semana, diez d\u00edas m\u00e1s o menos ya conozcan bien, es pues en l\u00ednea recta entonces tiene esa ventaja\u201d, abund\u00f3.<\/p><\/blockquote>\n\n\n\n<p>Ayer el PAN solicit\u00f3 a Sheinbaum que garantice con toda seriedad que la obra estar\u00e1 en las condiciones necesarias para trasladar a miles de capitalinos.<\/p>\n\n\n\n<p>Asimismo, solicit\u00f3 a la Jefa de Gobierno, un recorrido para verificar los avances del Troleb\u00fas elevado, porque consideraron que la obra requiere de mayor tiempo para la supervisi\u00f3n y conclusi\u00f3n de los trabajos.<\/p>\n\n\n\n<p>Fuente: <a href=\"https:\/\/www.milenio.com\/politica\/comunidad\/cdmx-sheinbaum-acusa-a-pan-de-politizar-apertura-de-trolebus-elevado\" data-type=\"URL\" data-id=\"https:\/\/www.milenio.com\/politica\/comunidad\/cdmx-sheinbaum-acusa-a-pan-de-politizar-apertura-de-trolebus-elevado\">Milenio<\/a><\/p>\n","protected":false},"excerpt":{"rendered":"<p>La jefa de Gobierno de la Ciudad de M\u00e9xico,\u00a0Claudia Sheinbaum Pardo, acus\u00f3 que el Partido Acci\u00f3n Nacional (PAN) politiz\u00f3 la inauguraci\u00f3n del Troleb\u00fas elevado en la alcald\u00eda Iztapalapa, prevista para el 11 de septiembre, luego de que\u00a0diputados panistas pidieron aplazar su apertura\u00a0al afirmar que a\u00fan falta concluir las obras al 100 por ciento. En conferencia [&hellip;]<\/p>\n","protected":false},"author":35,"featured_media":46474,"comment_status":"open","ping_status":"open","sticky":false,"template":"","format":"standard","meta":{"_monsterinsights_skip_tracking":false,"_monsterinsights_sitenote_active":false,"_monsterinsights_sitenote_note":"","_monsterinsights_sitenote_category":0,"footnotes":""},"categories":[158],"tags":[8897,2801,2401,284,18814,18815],"class_list":["post-72018","post","type-post","status-publish","format-standard","has-post-thumbnail","hentry","category-politica","tag-acusa","tag-claudia-sheinbaum","tag-inauguracion","tag-pan","tag-potilizar","tag-trolebus","wp-image-borders"],"amp_enabled":true,"_links":{"self":[{"href":"https:\/\/nvnoticias.mx\/index.php\/wp-json\/wp\/v2\/posts\/72018","targetHints":{"allow":["GET"]}}],"collection":[{"href":"https:\/\/nvnoticias.mx\/index.php\/wp-json\/wp\/v2\/posts"}],"about":[{"href":"https:\/\/nvnoticias.mx\/index.php\/wp-json\/wp\/v2\/types\/post"}],"author":[{"embeddable":true,"href":"https:\/\/nvnoticias.mx\/index.php\/wp-json\/wp\/v2\/users\/35"}],"replies":[{"embeddable":true,"href":"https:\/\/nvnoticias.mx\/index.php\/wp-json\/wp\/v2\/comments?post=72018"}],"version-history":[{"count":1,"href":"https:\/\/nvnoticias.mx\/index.php\/wp-json\/wp\/v2\/posts\/72018\/revisions"}],"predecessor-version":[{"id":72019,"href":"https:\/\/nvnoticias.mx\/index.php\/wp-json\/wp\/v2\/posts\/72018\/revisions\/72019"}],"wp:featuredmedia":[{"embeddable":true,"href":"https:\/\/nvnoticias.mx\/index.php\/wp-json\/wp\/v2\/media\/46474"}],"wp:attachment":[{"href":"https:\/\/nvnoticias.mx\/index.php\/wp-json\/wp\/v2\/media?parent=72018"}],"wp:term":[{"taxonomy":"category","embeddable":true,"href":"https:\/\/nvnoticias.mx\/index.php\/wp-json\/wp\/v2\/categories?post=72018"},{"taxonomy":"post_tag","embeddable":true,"href":"https:\/\/nvnoticias.mx\/index.php\/wp-json\/wp\/v2\/tags?post=72018"}],"curies":[{"name":"wp","href":"https:\/\/api.w.org\/{rel}","templated":true}]}}