{"id":71833,"date":"2022-08-29T14:12:36","date_gmt":"2022-08-29T19:12:36","guid":{"rendered":"https:\/\/nvnoticias.mx\/?p=71833"},"modified":"2022-08-29T14:12:37","modified_gmt":"2022-08-29T19:12:37","slug":"le-puedo-ganar-a-claudia-sheinbaum-lilly-tellez","status":"publish","type":"post","link":"https:\/\/nvnoticias.mx\/index.php\/2022\/08\/29\/le-puedo-ganar-a-claudia-sheinbaum-lilly-tellez\/","title":{"rendered":"Le puedo ganar a Claudia Sheinbaum: Lilly T\u00e9llez"},"content":{"rendered":"\n<p>Ante el presidente nacional del PAN,<strong>\u00a0Marko Cort\u00e9s<\/strong>, la senadora\u00a0<strong>Lilly T\u00e9llez\u00a0<\/strong>se destap\u00f3 como aspirante a la candidatura presidencial de 2024 y anunci\u00f3 giras por distintos puntos del pa\u00eds.\u00a0<\/p>\n\n\n\n<p>En conferencia de prensa, en el marco de la reuni\u00f3n plenaria del grupo parlamentario de Acci\u00f3n Nacional en el Senado, que se realiz\u00f3 en Quer\u00e9taro,\u00a0 la legisladora sonorense anunci\u00f3 que pronto empezar\u00e1 a viajar por el pa\u00eds y ser\u00e1 el dirigente nacional quien defina la ruta a seguir para la contienda interna de su partido.\u00a0<\/p>\n\n\n\n<p>Lilly T\u00e9llez afirm\u00f3 que respaldar\u00e1 al gobernador de Quer\u00e9taro,<strong>&nbsp;Mauricio Kuri<\/strong>, si contiende por la candidatura presidencial, pero se\u00f1al\u00f3 que en caso contrario, ella podr\u00eda encabezar a la alianza opositora en los comicios presidenciales de 2024.<\/p>\n\n\n\n<blockquote class=\"wp-block-quote is-layout-flow wp-block-quote-is-layout-flow\"><p>\u201cSi Mauricio Kuri se lanza como candidato presidencial, \u00e9l va a tener todo mi apoyo, y si yo me lanzo como candidata presidencial, espero tambi\u00e9n contar con el apoyo de Mauricio Kuri. Pronto empezar\u00e9 a viajar y todo eso ser\u00e1 definido por el presidente del partido, Marko Cort\u00e9s, que es quien tiene el pulso electoral de M\u00e9xico, as\u00ed que pues nos estaremos viendo en el camino\u201d, adelant\u00f3 T\u00e9llez.<br>\u00a0<\/p><p><\/p><\/blockquote>\n\n\n\n<p><br>La senadora panista asegur\u00f3 que en un escenario hipot\u00e9tico, puede vencer a la jefa de gobierno Claudia Sheinbaum, quien se podr\u00eda convertir en la candidata de Morena a la Presidencia de la Rep\u00fablica.<\/p>\n\n\n\n<blockquote class=\"wp-block-quote is-layout-flow wp-block-quote-is-layout-flow\"><p>\u201cEstoy convencida que le puedo ganar a Claudia Sheinbaum, porque ella tiene todo el dinero del gobierno federal, el apoyo del hombre que tiene vocaci\u00f3n de cantinero para destaparla y tiene un escaparate y un escenario en el que se promueve a diario. Yo no tengo una campa\u00f1a, yo no pongo un cinco y a\u00fan as\u00ed ya soy competitiva frente a Claudia Sheinbaum\u201d, declar\u00f3 Lilly T\u00e9llez, quien est\u00e1 ubicada entre las principales figuras del APN rumbo al 2024.\u00a0<\/p><\/blockquote>\n\n\n\n<blockquote class=\"wp-block-quote is-layout-flow wp-block-quote-is-layout-flow\"><p>\u201cLos pa\u00edses democr\u00e1ticos tienen polic\u00edas civiles y los pa\u00edses dictatoriales tienen polic\u00edas militarizadas. As\u00ed lo se\u00f1al\u00f3 Marko Cort\u00e9s en nuestra plenaria.<\/p><\/blockquote>\n\n\n\n<blockquote class=\"wp-block-quote is-layout-flow wp-block-quote-is-layout-flow\"><p>\u201cEs prioridad defender a los mexicanos de la militarizaci\u00f3n que intenta morena\u201d, escribi\u00f3 T\u00e9llez en redes sociales, con una fotograf\u00eda acompa\u00f1ada del dirigente panista.<\/p><\/blockquote>\n\n\n\n<p>Fuente: <a href=\"https:\/\/www.eluniversal.com.mx\/nacion\/lilly-tellez-anuncia-gira-rumbo-la-presidencia-de-2024-le-puedo-ganar-claudia-sheinbaum\" data-type=\"URL\" data-id=\"https:\/\/www.eluniversal.com.mx\/nacion\/lilly-tellez-anuncia-gira-rumbo-la-presidencia-de-2024-le-puedo-ganar-claudia-sheinbaum\">El Universal<\/a><\/p>\n","protected":false},"excerpt":{"rendered":"<p>Ante el presidente nacional del PAN,\u00a0Marko Cort\u00e9s, la senadora\u00a0Lilly T\u00e9llez\u00a0se destap\u00f3 como aspirante a la candidatura presidencial de 2024 y anunci\u00f3 giras por distintos puntos del pa\u00eds.\u00a0 En conferencia de prensa, en el marco de la reuni\u00f3n plenaria del grupo parlamentario de Acci\u00f3n Nacional en el Senado, que se realiz\u00f3 en Quer\u00e9taro,\u00a0 la legisladora sonorense [&hellip;]<\/p>\n","protected":false},"author":35,"featured_media":1079,"comment_status":"open","ping_status":"open","sticky":false,"template":"","format":"standard","meta":{"_monsterinsights_skip_tracking":false,"_monsterinsights_sitenote_active":false,"_monsterinsights_sitenote_note":"","_monsterinsights_sitenote_category":0,"footnotes":""},"categories":[158],"tags":[2801,745,284],"class_list":["post-71833","post","type-post","status-publish","format-standard","has-post-thumbnail","hentry","category-politica","tag-claudia-sheinbaum","tag-lilly-tellez","tag-pan","wp-image-borders"],"amp_enabled":true,"_links":{"self":[{"href":"https:\/\/nvnoticias.mx\/index.php\/wp-json\/wp\/v2\/posts\/71833","targetHints":{"allow":["GET"]}}],"collection":[{"href":"https:\/\/nvnoticias.mx\/index.php\/wp-json\/wp\/v2\/posts"}],"about":[{"href":"https:\/\/nvnoticias.mx\/index.php\/wp-json\/wp\/v2\/types\/post"}],"author":[{"embeddable":true,"href":"https:\/\/nvnoticias.mx\/index.php\/wp-json\/wp\/v2\/users\/35"}],"replies":[{"embeddable":true,"href":"https:\/\/nvnoticias.mx\/index.php\/wp-json\/wp\/v2\/comments?post=71833"}],"version-history":[{"count":1,"href":"https:\/\/nvnoticias.mx\/index.php\/wp-json\/wp\/v2\/posts\/71833\/revisions"}],"predecessor-version":[{"id":71835,"href":"https:\/\/nvnoticias.mx\/index.php\/wp-json\/wp\/v2\/posts\/71833\/revisions\/71835"}],"wp:featuredmedia":[{"embeddable":true,"href":"https:\/\/nvnoticias.mx\/index.php\/wp-json\/wp\/v2\/media\/1079"}],"wp:attachment":[{"href":"https:\/\/nvnoticias.mx\/index.php\/wp-json\/wp\/v2\/media?parent=71833"}],"wp:term":[{"taxonomy":"category","embeddable":true,"href":"https:\/\/nvnoticias.mx\/index.php\/wp-json\/wp\/v2\/categories?post=71833"},{"taxonomy":"post_tag","embeddable":true,"href":"https:\/\/nvnoticias.mx\/index.php\/wp-json\/wp\/v2\/tags?post=71833"}],"curies":[{"name":"wp","href":"https:\/\/api.w.org\/{rel}","templated":true}]}}