{"id":71816,"date":"2022-08-29T12:43:12","date_gmt":"2022-08-29T17:43:12","guid":{"rendered":"https:\/\/nvnoticias.mx\/?p=71816"},"modified":"2022-08-29T12:43:13","modified_gmt":"2022-08-29T17:43:13","slug":"se-manifiestan-maestros-de-la-jose-azueta-para-exigir-cambio-de-directora","status":"publish","type":"post","link":"https:\/\/nvnoticias.mx\/index.php\/2022\/08\/29\/se-manifiestan-maestros-de-la-jose-azueta-para-exigir-cambio-de-directora\/","title":{"rendered":"Se manifiestan maestros de la Jos\u00e9 Azueta, para exigir cambio de directora"},"content":{"rendered":"\n<p><strong>Jes\u00fas Utrilla \/ NV Noticias<\/strong><\/p>\n\n\n\n<p>Se manifestaron maestros de la Escuela Secundaria General Jos\u00e9 Azueta, en Boca Del R\u00edo.<\/p>\n\n\n\n<p>Guillermo Morales Morales, secretario de conflictos en esta instituci\u00f3n del SNTE, pidi\u00f3 la destituci\u00f3n de la directora Laura Vanessa Mart\u00ednez Alvarado.<\/p>\n\n\n\n<p>La acusaron de acoso laboral, violaci\u00f3n de los derechos de antig\u00fcedad, hostigamiento y amenazas.<\/p>\n\n\n\n<p>Pero adem\u00e1s dijeron que fue impuesta por la Secretar\u00eda de Educaci\u00f3n de Veracruz.<\/p>\n\n\n\n<p>Al lugar lleg\u00f3 la delegada de la SEV, Diana Santiago Huesca, para dialogar con ellos, dijo que no existen fundamentos suficientes para destituir a la directora. Sin embargo, integrar\u00e1n un expediente para analizar la situaci\u00f3n.<\/p>\n\n\n\n<p>Se espera que el martes ya empiecen las clases en la secundaria.<\/p>\n\n\n\n<p><\/p>\n","protected":false},"excerpt":{"rendered":"<p>Jes\u00fas Utrilla \/ NV Noticias Se manifestaron maestros de la Escuela Secundaria General Jos\u00e9 Azueta, en Boca Del R\u00edo. Guillermo Morales Morales, secretario de conflictos en esta instituci\u00f3n del SNTE, pidi\u00f3 la destituci\u00f3n de la directora Laura Vanessa Mart\u00ednez Alvarado. La acusaron de acoso laboral, violaci\u00f3n de los derechos de antig\u00fcedad, hostigamiento y amenazas. Pero [&hellip;]<\/p>\n","protected":false},"author":8,"featured_media":71817,"comment_status":"open","ping_status":"open","sticky":false,"template":"","format":"standard","meta":{"_monsterinsights_skip_tracking":false,"_monsterinsights_sitenote_active":false,"_monsterinsights_sitenote_note":"","_monsterinsights_sitenote_category":0,"footnotes":""},"categories":[154],"tags":[4252,503],"class_list":["post-71816","post","type-post","status-publish","format-standard","has-post-thumbnail","hentry","category-veracruz","tag-escuela-secundaria-jose-azueta","tag-manifestacion","wp-image-borders"],"amp_enabled":true,"_links":{"self":[{"href":"https:\/\/nvnoticias.mx\/index.php\/wp-json\/wp\/v2\/posts\/71816","targetHints":{"allow":["GET"]}}],"collection":[{"href":"https:\/\/nvnoticias.mx\/index.php\/wp-json\/wp\/v2\/posts"}],"about":[{"href":"https:\/\/nvnoticias.mx\/index.php\/wp-json\/wp\/v2\/types\/post"}],"author":[{"embeddable":true,"href":"https:\/\/nvnoticias.mx\/index.php\/wp-json\/wp\/v2\/users\/8"}],"replies":[{"embeddable":true,"href":"https:\/\/nvnoticias.mx\/index.php\/wp-json\/wp\/v2\/comments?post=71816"}],"version-history":[{"count":1,"href":"https:\/\/nvnoticias.mx\/index.php\/wp-json\/wp\/v2\/posts\/71816\/revisions"}],"predecessor-version":[{"id":71818,"href":"https:\/\/nvnoticias.mx\/index.php\/wp-json\/wp\/v2\/posts\/71816\/revisions\/71818"}],"wp:featuredmedia":[{"embeddable":true,"href":"https:\/\/nvnoticias.mx\/index.php\/wp-json\/wp\/v2\/media\/71817"}],"wp:attachment":[{"href":"https:\/\/nvnoticias.mx\/index.php\/wp-json\/wp\/v2\/media?parent=71816"}],"wp:term":[{"taxonomy":"category","embeddable":true,"href":"https:\/\/nvnoticias.mx\/index.php\/wp-json\/wp\/v2\/categories?post=71816"},{"taxonomy":"post_tag","embeddable":true,"href":"https:\/\/nvnoticias.mx\/index.php\/wp-json\/wp\/v2\/tags?post=71816"}],"curies":[{"name":"wp","href":"https:\/\/api.w.org\/{rel}","templated":true}]}}