{"id":7181,"date":"2021-03-10T11:30:36","date_gmt":"2021-03-10T17:30:36","guid":{"rendered":"https:\/\/nvnoticias.mx\/?p=7181"},"modified":"2021-03-10T11:35:49","modified_gmt":"2021-03-10T17:35:49","slug":"pita-transportistas-deberan-integrarse-a-padron-unico","status":"publish","type":"post","link":"https:\/\/nvnoticias.mx\/index.php\/2021\/03\/10\/pita-transportistas-deberan-integrarse-a-padron-unico\/","title":{"rendered":"Como parte del PITA transportistas deber\u00e1n integrarse a un padr\u00f3n \u00fanico"},"content":{"rendered":"\n<p><strong>Jes\u00fas Utrilla \/ NV Noticias<\/strong><\/p>\n\n\n\n<p>Veracruz. \u2013 Como parte del Proyecto de Integraci\u00f3n Tecnol\u00f3gica Aduanera se busca que para el mes de mayo todos los choferes del transporte de carga, que trasladan mercanc\u00eda del Puerto de Veracruz, queden incluidos en un padr\u00f3n \u00fanico.<\/p>\n\n\n\n<p>Ricardo Beristain Saucedo, presidente de la Asociaci\u00f3n de Transportistas de Veracruz, explic\u00f3 que cada operador deber\u00e1 contar con un gafete \u00fanico que contiene un c\u00f3digo de barras cuya informaci\u00f3n debe ir en el DODA del pedimento, para que la autoridad pueda tener control y certeza de quien extrae la mercanc\u00eda del Puerto.<\/p>\n\n\n\n<blockquote class=\"wp-block-quote is-layout-flow wp-block-quote-is-layout-flow\"><p>\u201cEs un tema de seguridad de que no vaya haber un transportista que saque mercanc\u00eda que no le corresponde por error o alguna mala pr\u00e1ctica\u201d.<\/p><\/blockquote>\n\n\n\n<p>Coment\u00f3 que era recurrente que se cargaran en las terminales mercanc\u00eda o contenedores err\u00f3neos.<\/p>\n\n\n\n<p>Sin embargo, la comunicaci\u00f3n entre sectores al interior del recinto portuario es fluida para detectar el error y corregir por las v\u00edas legales.<\/p>\n\n\n\n<p>Ahora, con el gafete, se tendr\u00e1 mayor posibilidad de impedir ese tipo de errores o corregirlo a la brevedad, seg\u00fan sea el caso.<\/p>\n\n\n\n<p>Admiti\u00f3 que la pandemia atras\u00f3 el proceso de empadronamiento, pero otra limitante es que algunas compa\u00f1\u00edas de transporte no cuentan con oficinas en Veracruz.<\/p>\n\n\n\n<blockquote class=\"wp-block-quote is-layout-flow wp-block-quote-is-layout-flow\"><p>\u201cHay empadronamientos que llevan seis meses esperando los gafetes. Hay mucho transporte que viene de otros estados, no est\u00e1n bien informados y no han logrado hacer el empadronamiento. Va lento, pero caminando\u201d.<\/p><\/blockquote>\n\n\n\n<p>La Asociaci\u00f3n de Transportistas de Veracruz cuenta con 78 socios y con un padr\u00f3n vehicular de mil 500 unidades.<\/p>\n\n\n\n<p>Tambi\u00e9n se atiende un aproximado de 60 empresas for\u00e1neas no socias, con el mismo tema PITA &#8211; GAFETE.<\/p>\n\n\n\n<p>Cabe mencionar que el Proyecto PITA modernizar\u00e1 60 puntos de revisi\u00f3n para el despacho de mercanc\u00eda en carga, en las aduanas Fronterizas, Mar\u00edtimas e Interiores del pa\u00eds; 52 puntos de revisi\u00f3n para el control de veh\u00edculos de pasajeros en cruces fronterizos y 310 puntos de supervisi\u00f3n de Video-vigilancia con cobertura nacional en los principales inmuebles del SAT.<\/p>\n","protected":false},"excerpt":{"rendered":"<p>Jes\u00fas Utrilla \/ NV Noticias Veracruz. \u2013 Como parte del Proyecto de Integraci\u00f3n Tecnol\u00f3gica Aduanera se busca que para el mes de mayo todos los choferes del transporte de carga, que trasladan mercanc\u00eda del Puerto de Veracruz, queden incluidos en un padr\u00f3n \u00fanico. Ricardo Beristain Saucedo, presidente de la Asociaci\u00f3n de Transportistas de Veracruz, explic\u00f3 [&hellip;]<\/p>\n","protected":false},"author":6,"featured_media":7184,"comment_status":"open","ping_status":"open","sticky":false,"template":"","format":"standard","meta":{"_monsterinsights_skip_tracking":false,"_monsterinsights_sitenote_active":false,"_monsterinsights_sitenote_note":"","_monsterinsights_sitenote_category":0,"footnotes":""},"categories":[154],"tags":[2135,2136,709,180],"class_list":["post-7181","post","type-post","status-publish","format-standard","has-post-thumbnail","hentry","category-veracruz","tag-padron-unico","tag-pita","tag-transportistas","tag-veracruz","wp-image-borders"],"amp_enabled":true,"_links":{"self":[{"href":"https:\/\/nvnoticias.mx\/index.php\/wp-json\/wp\/v2\/posts\/7181","targetHints":{"allow":["GET"]}}],"collection":[{"href":"https:\/\/nvnoticias.mx\/index.php\/wp-json\/wp\/v2\/posts"}],"about":[{"href":"https:\/\/nvnoticias.mx\/index.php\/wp-json\/wp\/v2\/types\/post"}],"author":[{"embeddable":true,"href":"https:\/\/nvnoticias.mx\/index.php\/wp-json\/wp\/v2\/users\/6"}],"replies":[{"embeddable":true,"href":"https:\/\/nvnoticias.mx\/index.php\/wp-json\/wp\/v2\/comments?post=7181"}],"version-history":[{"count":1,"href":"https:\/\/nvnoticias.mx\/index.php\/wp-json\/wp\/v2\/posts\/7181\/revisions"}],"predecessor-version":[{"id":7182,"href":"https:\/\/nvnoticias.mx\/index.php\/wp-json\/wp\/v2\/posts\/7181\/revisions\/7182"}],"wp:featuredmedia":[{"embeddable":true,"href":"https:\/\/nvnoticias.mx\/index.php\/wp-json\/wp\/v2\/media\/7184"}],"wp:attachment":[{"href":"https:\/\/nvnoticias.mx\/index.php\/wp-json\/wp\/v2\/media?parent=7181"}],"wp:term":[{"taxonomy":"category","embeddable":true,"href":"https:\/\/nvnoticias.mx\/index.php\/wp-json\/wp\/v2\/categories?post=7181"},{"taxonomy":"post_tag","embeddable":true,"href":"https:\/\/nvnoticias.mx\/index.php\/wp-json\/wp\/v2\/tags?post=7181"}],"curies":[{"name":"wp","href":"https:\/\/api.w.org\/{rel}","templated":true}]}}