{"id":7177,"date":"2021-03-10T11:18:43","date_gmt":"2021-03-10T17:18:43","guid":{"rendered":"https:\/\/nvnoticias.mx\/?p=7177"},"modified":"2021-03-10T11:18:44","modified_gmt":"2021-03-10T17:18:44","slug":"imss-recomienda-rehabilitacion-pulmonar","status":"publish","type":"post","link":"https:\/\/nvnoticias.mx\/index.php\/2021\/03\/10\/imss-recomienda-rehabilitacion-pulmonar\/","title":{"rendered":"IMSS recomienda que pacientes post-covid acudan a rehabilitaci\u00f3n pulmonar"},"content":{"rendered":"\n<p>El Instituto Mexicano del Seguro Social (IMSS) en Veracruz Norte hizo un llamado a la poblaci\u00f3n a no bajar la guardia y continuar extremando cuidados preventivos para disminuir el riesgo de contagio del SARS-CoV-2.<\/p>\n\n\n\n<p>La recuperaci\u00f3n pulmonar de un paciente post-Covid puede ser d<strong>esde las cuatro hasta 12 semanas<\/strong>, seg\u00fan grado de afecci\u00f3n que se presente, coment\u00f3 el m\u00e9dico especialista en Rehabilitaci\u00f3n Pulmonar, Emmanuel Garcia Ochoa.<\/p>\n\n\n\n<p>La enfermedad por SARS-CoV-2 es una patolog\u00eda sist\u00e9mica que afecta a varios \u00f3rganos y a sistemas del organismo; las complicaciones m\u00e1s comunes son las manifestaciones respiratorias pero tambi\u00e9n se pueden llegar afectaciones en los nervios, los m\u00fasculos y el sistema cardiovascular.<\/p>\n\n\n\n<p>La rehabilitaci\u00f3n pulmonar de un paciente comienza ense\u00f1\u00e1ndole al familiar ejercicios respiratorios, movilizaci\u00f3n articular de fortalecimiento y mostrar el adecuado uso del ox\u00edmetro, para que los pacientes se encuentren preparados para el momento en el que ingresen a la unidad de rehabilitaci\u00f3n, mencion\u00f3 el especialista.<\/p>\n\n\n\n<p>Recomend\u00f3 algunas&nbsp; posturas para prevenir la sensaci\u00f3n de falta de aire, como sentarse y flexionar un poco las piernas colocando una almohada ligeramente hacia adelante para facilitar la entrada de aire, otra postura recomendada es recostarse de lado, colocar la cabeza sobre una almohada y doblar levemente las rodillas para facilitar la oxigenaci\u00f3n.<\/p>\n\n\n\n<p>Tambi\u00e9n, mencion\u00f3 realizar la respiraci\u00f3n de labios fruncidos que consiste en juntar los labios como si fueran a dar un beso y jalar aire intentando elevar el abdomen para mejorar la respiraci\u00f3n diafragm\u00e1tica que ayudar a recuperar el patr\u00f3n respiratorio habitual.&nbsp;<\/p>\n\n\n\n<p>Por \u00faltimo, el m\u00e9dico coment\u00f3 que se debe acudir a una evaluaci\u00f3n con los especialistas de Medicina Interna o Neumolog\u00eda para dar la terapia indicada a cada paciente.<\/p>\n","protected":false},"excerpt":{"rendered":"<p>El Instituto Mexicano del Seguro Social (IMSS) en Veracruz Norte hizo un llamado a la poblaci\u00f3n a no bajar la guardia y continuar extremando cuidados preventivos para disminuir el riesgo de contagio del SARS-CoV-2. La recuperaci\u00f3n pulmonar de un paciente post-Covid puede ser desde las cuatro hasta 12 semanas, seg\u00fan grado de afecci\u00f3n que se [&hellip;]<\/p>\n","protected":false},"author":6,"featured_media":7180,"comment_status":"open","ping_status":"open","sticky":false,"template":"","format":"standard","meta":{"_monsterinsights_skip_tracking":false,"_monsterinsights_sitenote_active":false,"_monsterinsights_sitenote_note":"","_monsterinsights_sitenote_category":0,"footnotes":""},"categories":[154],"tags":[365,2134,367],"class_list":["post-7177","post","type-post","status-publish","format-standard","has-post-thumbnail","hentry","category-veracruz","tag-imss","tag-post-covid","tag-rehabilitacion","wp-image-borders"],"amp_enabled":true,"_links":{"self":[{"href":"https:\/\/nvnoticias.mx\/index.php\/wp-json\/wp\/v2\/posts\/7177","targetHints":{"allow":["GET"]}}],"collection":[{"href":"https:\/\/nvnoticias.mx\/index.php\/wp-json\/wp\/v2\/posts"}],"about":[{"href":"https:\/\/nvnoticias.mx\/index.php\/wp-json\/wp\/v2\/types\/post"}],"author":[{"embeddable":true,"href":"https:\/\/nvnoticias.mx\/index.php\/wp-json\/wp\/v2\/users\/6"}],"replies":[{"embeddable":true,"href":"https:\/\/nvnoticias.mx\/index.php\/wp-json\/wp\/v2\/comments?post=7177"}],"version-history":[{"count":1,"href":"https:\/\/nvnoticias.mx\/index.php\/wp-json\/wp\/v2\/posts\/7177\/revisions"}],"predecessor-version":[{"id":7178,"href":"https:\/\/nvnoticias.mx\/index.php\/wp-json\/wp\/v2\/posts\/7177\/revisions\/7178"}],"wp:featuredmedia":[{"embeddable":true,"href":"https:\/\/nvnoticias.mx\/index.php\/wp-json\/wp\/v2\/media\/7180"}],"wp:attachment":[{"href":"https:\/\/nvnoticias.mx\/index.php\/wp-json\/wp\/v2\/media?parent=7177"}],"wp:term":[{"taxonomy":"category","embeddable":true,"href":"https:\/\/nvnoticias.mx\/index.php\/wp-json\/wp\/v2\/categories?post=7177"},{"taxonomy":"post_tag","embeddable":true,"href":"https:\/\/nvnoticias.mx\/index.php\/wp-json\/wp\/v2\/tags?post=7177"}],"curies":[{"name":"wp","href":"https:\/\/api.w.org\/{rel}","templated":true}]}}