{"id":71672,"date":"2022-08-28T11:06:00","date_gmt":"2022-08-28T16:06:00","guid":{"rendered":"https:\/\/nvnoticias.mx\/?p=71672"},"modified":"2022-08-28T11:06:01","modified_gmt":"2022-08-28T16:06:01","slug":"exigira-el-pan-que-regresen-recursos-a-seguridad-municipal","status":"publish","type":"post","link":"https:\/\/nvnoticias.mx\/index.php\/2022\/08\/28\/exigira-el-pan-que-regresen-recursos-a-seguridad-municipal\/","title":{"rendered":"Exigir\u00e1 el PAN que regresen recursos a seguridad municipal"},"content":{"rendered":"\n<p>El Partido Acci\u00f3n Nacional\u00a0(PAN), uno de los principales sectores pol\u00edticos opositores de la actual administraci\u00f3n encabezada por el presidente\u00a0Andr\u00e9s Manuel L\u00f3pez Obrador (AMLO),\u00a0presentar\u00e1 iniciativas en el pr\u00f3ximo periodo ordinario de sesiones del Congreso de la Uni\u00f3n, esto con el fin de \u201ccuidar las instituciones democr\u00e1ticas\u201d e ir en contra de \u201cla peligrosa militarizaci\u00f3n del pa\u00eds\u201d<\/p>\n\n\n\n<p>Por medio de un comunicado, Acci\u00f3n Nacional expres\u00f3 que, como tema prioritario, diputados y senadores de su partido presentar\u00edan iniciativas que busquen fortalecer a la polic\u00eda civil, nacional, estatal y municipal.<\/p>\n\n\n\n<p>En este rubro el blanquiazul plante\u00f3 iniciativas como pagos dignos, capacitaci\u00f3n y equipamiento suficiente para que as\u00ed se \u201cpueda combatir a la delincuencia organizada y los delitos del fuero com\u00fan\u201d.<\/p>\n\n\n\n<blockquote class=\"wp-block-quote is-layout-flow wp-block-quote-is-layout-flow\"><p>\u201cEn Acci\u00f3n Nacional apostamos por la federalizaci\u00f3n de la seguridad p\u00fablica y el apoyo decisivo a los estados y municipios para que tengan polic\u00edas fuertes y la gente pueda vivir tranquila. Por ello, exigiremos en el Presupuesto de Egresos de la Federaci\u00f3n 2023 que regresen los recursos del Fortaseg para la seguridad municipal\u201d, sostuvo \u00e9l dirigente nacional del PAN, Marko Cort\u00e9s.<\/p><\/blockquote>\n\n\n\n<p>Cort\u00e9s Mendoza a\u00f1adi\u00f3 que en este tema el PAN quiere \u201cuna polic\u00eda civil fuerte\u201d y por ello ratific\u00f3 su rotundo rechazo a la militarizaci\u00f3n de la seguridad p\u00fablica propuesta por el Ejecutivo federal, \u201cporque las democracias tienen polic\u00edas civiles y solo las dictaduras tienen polic\u00edas militares\u201d.<\/p>\n\n\n\n<p>El presidente de Acci\u00f3n Nacional dijo que los legisladores seguir\u00e1n encabezando la contenci\u00f3n legislativa para evitar la destrucci\u00f3n del pa\u00eds y, para ello, dar\u00e1n la batalla para defender con determinaci\u00f3n al\u00a0Instituto Nacional Electoral (INE)\u00a0que nos ha dado viabilidad democr\u00e1tica y alternancia en el poder, as\u00ed como a las instituciones, los contrapesos y los organismos aut\u00f3nomos.<\/p>\n\n\n\n<blockquote class=\"wp-block-quote is-layout-flow wp-block-quote-is-layout-flow\"><p>\u201cComo la principal fuerza de oposici\u00f3n, Acci\u00f3n Nacional continuar\u00e1 (&#8230;) seguiremos diciendo NO a la militarizaci\u00f3n del pa\u00eds, NO al debilitamiento de los \u00f3rganos electorales, y con total convicci\u00f3n, decimos S\u00cd al control de la inflaci\u00f3n, S\u00cd a los trabajos mejor pagados, S\u00cd al Seguro de Desempleo, S\u00cd al fortalecimiento de las polic\u00edas civiles\u201d, concluy\u00f3.<\/p><\/blockquote>\n\n\n\n<p>El\u00a0Partido Acci\u00f3n Nacional(PAN) present\u00f3 un nuevo spot contra\u00a0Movimiento de Regeneraci\u00f3n Nacional\u00a0(Morena) y el gobierno del presidente\u00a0Andr\u00e9s Manuel L\u00f3pez Obrador\u00a0(AMLO), a los cuales acus\u00f3 de ser los causantes del aumento de la inflaci\u00f3n en el pa\u00eds.<\/p>\n\n\n\n<p>Por medio de sus redes sociales, el l\u00edder nacional del PAN,\u00a0Marko Cort\u00e9s Mendoza, comparti\u00f3 la grabaci\u00f3n de 30 segundos y sentenci\u00f3 que\u00a0los precios de la canasta b\u00e1sica se encuentran \u201cpor los cielos\u201d, por lo que a la poblaci\u00f3n le alcanza cada d\u00eda para menos productos cuando realiza la compra de alimentos y cosas para el hogar.<\/p>\n\n\n\n<p>Fuente: <a href=\"https:\/\/www.infobae.com\/america\/mexico\/2022\/08\/28\/pan-exigira-que-regresen-recursos-a-seguridad-municipal-solo-las-dictaduras-tienen-policias-militares\/\">Infobae<\/a><\/p>\n","protected":false},"excerpt":{"rendered":"<p>El Partido Acci\u00f3n Nacional\u00a0(PAN), uno de los principales sectores pol\u00edticos opositores de la actual administraci\u00f3n encabezada por el presidente\u00a0Andr\u00e9s Manuel L\u00f3pez Obrador (AMLO),\u00a0presentar\u00e1 iniciativas en el pr\u00f3ximo periodo ordinario de sesiones del Congreso de la Uni\u00f3n, esto con el fin de \u201ccuidar las instituciones democr\u00e1ticas\u201d e ir en contra de \u201cla peligrosa militarizaci\u00f3n del pa\u00eds\u201d [&hellip;]<\/p>\n","protected":false},"author":6,"featured_media":71674,"comment_status":"open","ping_status":"open","sticky":false,"template":"","format":"standard","meta":{"_monsterinsights_skip_tracking":false,"_monsterinsights_sitenote_active":false,"_monsterinsights_sitenote_note":"","_monsterinsights_sitenote_category":0,"footnotes":""},"categories":[158],"tags":[284,18752],"class_list":["post-71672","post","type-post","status-publish","format-standard","has-post-thumbnail","hentry","category-politica","tag-pan","tag-seguridad-municipal","wp-image-borders"],"amp_enabled":true,"_links":{"self":[{"href":"https:\/\/nvnoticias.mx\/index.php\/wp-json\/wp\/v2\/posts\/71672","targetHints":{"allow":["GET"]}}],"collection":[{"href":"https:\/\/nvnoticias.mx\/index.php\/wp-json\/wp\/v2\/posts"}],"about":[{"href":"https:\/\/nvnoticias.mx\/index.php\/wp-json\/wp\/v2\/types\/post"}],"author":[{"embeddable":true,"href":"https:\/\/nvnoticias.mx\/index.php\/wp-json\/wp\/v2\/users\/6"}],"replies":[{"embeddable":true,"href":"https:\/\/nvnoticias.mx\/index.php\/wp-json\/wp\/v2\/comments?post=71672"}],"version-history":[{"count":2,"href":"https:\/\/nvnoticias.mx\/index.php\/wp-json\/wp\/v2\/posts\/71672\/revisions"}],"predecessor-version":[{"id":71675,"href":"https:\/\/nvnoticias.mx\/index.php\/wp-json\/wp\/v2\/posts\/71672\/revisions\/71675"}],"wp:featuredmedia":[{"embeddable":true,"href":"https:\/\/nvnoticias.mx\/index.php\/wp-json\/wp\/v2\/media\/71674"}],"wp:attachment":[{"href":"https:\/\/nvnoticias.mx\/index.php\/wp-json\/wp\/v2\/media?parent=71672"}],"wp:term":[{"taxonomy":"category","embeddable":true,"href":"https:\/\/nvnoticias.mx\/index.php\/wp-json\/wp\/v2\/categories?post=71672"},{"taxonomy":"post_tag","embeddable":true,"href":"https:\/\/nvnoticias.mx\/index.php\/wp-json\/wp\/v2\/tags?post=71672"}],"curies":[{"name":"wp","href":"https:\/\/api.w.org\/{rel}","templated":true}]}}