{"id":71605,"date":"2022-08-27T15:44:34","date_gmt":"2022-08-27T20:44:34","guid":{"rendered":"https:\/\/nvnoticias.mx\/?p=71605"},"modified":"2022-08-27T15:44:36","modified_gmt":"2022-08-27T20:44:36","slug":"santiago-gimenez-anota-su-primer-gol-en-la-victoria-de-feyenoord","status":"publish","type":"post","link":"https:\/\/nvnoticias.mx\/index.php\/2022\/08\/27\/santiago-gimenez-anota-su-primer-gol-en-la-victoria-de-feyenoord\/","title":{"rendered":"Santiago Gim\u00e9nez anota su primer gol en la victoria de Feyenoord"},"content":{"rendered":"\n<p>La primera gran noche de\u00a0Santiago Gim\u00e9nez\u00a0con el Feyenoord. El atacante mexicano se luci\u00f3 en la goleada del equipo de Rotterdam pues\u00a0marc\u00f3 su primer tanto en el f\u00fatbol del Viejo Continente\u00a0y contribuy\u00f3 con una\u00a0asistencia\u00a0m\u00e1s para que su escuadra venciera al Emmen y se instalara en la primera posici\u00f3n (a falta de varios juegos) de la\u00a0Eredivisie.<\/p>\n\n\n\n<figure class=\"wp-block-embed aligncenter is-type-rich is-provider-twitter wp-block-embed-twitter\"><div class=\"wp-block-embed__wrapper\">\n<blockquote class=\"twitter-tweet\" data-width=\"550\" data-dnt=\"true\"><p lang=\"en\" dir=\"ltr\">Boys, that escalated quickly! ????<a href=\"https:\/\/twitter.com\/hashtag\/feyemm?src=hash&amp;ref_src=twsrc%5Etfw\">#feyemm<\/a> <a href=\"https:\/\/t.co\/yxOi0ot1wq\">pic.twitter.com\/yxOi0ot1wq<\/a><\/p>&mdash; Feyenoord Rotterdam (@Feyenoord) <a href=\"https:\/\/twitter.com\/Feyenoord\/status\/1563617359008514048?ref_src=twsrc%5Etfw\">August 27, 2022<\/a><\/blockquote><script async src=\"https:\/\/platform.twitter.com\/widgets.js\" charset=\"utf-8\"><\/script>\n<\/div><\/figure>\n\n\n\n<p>El Feyenoord comenz\u00f3 con todo el encuentro. En el f\u00fatbol americano se usa la palabra\u00a0&#8216;encajonar&#8217;\u00a0para describir a un equipo est\u00e1 muy cerca de su zona de anotaci\u00f3n por la presi\u00f3n de su contrario. Pues aqu\u00ed pas\u00f3 igual.\u00a0El conjunto de Rotterdam &#8216;encajon\u00f3&#8217; al Emmen en su propia \u00e1rea. No los dejaban salir, los rebotes eran de ellos, as\u00ed como el bal\u00f3n y las acciones de peligro, como en el disparo de\u00a0K\u00f6kc\u00fc\u00a0(minuto 16) que nos enga\u00f1\u00f3 pues parec\u00eda que hab\u00eda entrado a la porter\u00eda, pero fue solo una ilusi\u00f3n.<\/p>\n\n\n\n<p>Tras este dominio de 20 minutos,\u00a0el\u00a0Feyenoord\u00a0no supo aprovecharlos y cuando el Emmen despert\u00f3 realiz\u00f3 la jugada m\u00e1s peligrosa del partido\u00a0cuando\u00a0Rui Mendes\u00a0no pudo aprovechar un bal\u00f3n que qued\u00f3 muerto en el \u00e1rea al minuto 27.<\/p>\n\n\n\n<p>El partido se fue sin goles al descanso, pero todo cambiar\u00eda en la parte complementaria.\u00a0La entrada de Santiago Gim\u00e9nez estaba cantada, aunque tard\u00f3 un poco. Primero el Feyenoord ten\u00eda que abrir el marcador. En una jugada &#8216;a los tumbos&#8217;,\u00a0Quinten Timber entr\u00f3 al \u00e1rea, se plant\u00f3 frente al arquero del Emmen y lo venci\u00f3 con un remate cruzado\u00a0casi a la hora de partido.<\/p>\n\n\n\n<p>Dicho tanto le dio\u00a0tranquilidad al Feyenoord\u00a0con lo que su entrenador le dio la oportunidad a\u00a0Santiago Gim\u00e9nez\u00a0quien entr\u00f3 al minuto 63 por\u00a0Danilo. Un cuarto de hora despu\u00e9s de su entrada, Santi tuvo la primera. Dicha jugada se hubierse convertido en el\u00a0primer gol del mexicanosi su compa\u00f1ero Idrissi le hubiera mandado un buen servicio.<\/p>\n\n\n\n<p>Pero ya entrada la recta final del partido llegar\u00eda\u00a0el espect\u00e1culo del Bebote y del Feyenoord. Un pase filtrado por el centro dej\u00f3 a\u00a0Santi frente al arquero\u00a0para definir ante su salida (min 84). Cuatro minutos despu\u00e9s,\u00a0un tiro centro fue cabeceado por Gim\u00e9nez para que el bal\u00f3n llegara a Jacob Rasmussen, quien fusil\u00f3 al arquero. Estas dos \u00faltimas jugadas fueron revisadas por el\u00a0VAR\u00a0siendo validadas por el mismo.<\/p>\n\n\n\n<figure class=\"wp-block-embed aligncenter is-type-rich is-provider-twitter wp-block-embed-twitter\"><div class=\"wp-block-embed__wrapper\">\n<blockquote class=\"twitter-tweet\" data-width=\"550\" data-dnt=\"true\"><p lang=\"nl\" dir=\"ltr\">???? goals. ???? doelpuntenmakers.<br><br>De mooiste van de avond? ????<a href=\"https:\/\/twitter.com\/hashtag\/feyemm?src=hash&amp;ref_src=twsrc%5Etfw\">#feyemm<\/a> <a href=\"https:\/\/t.co\/Qq3xRl5lcz\">pic.twitter.com\/Qq3xRl5lcz<\/a><\/p>&mdash; Feyenoord Rotterdam (@Feyenoord) <a href=\"https:\/\/twitter.com\/Feyenoord\/status\/1563621132728762371?ref_src=twsrc%5Etfw\">August 27, 2022<\/a><\/blockquote><script async src=\"https:\/\/platform.twitter.com\/widgets.js\" charset=\"utf-8\"><\/script>\n<\/div><\/figure>\n\n\n\n<p>La cereza en el pastel la puso Sebastian Szymanski. El jugador, que como\u00a0Gim\u00e9nez\u00a0tambi\u00e9n hab\u00eda entrado en la parte complementaria, marc\u00f3 el cuarto tanto del\u00a0Feyenoord\u00a0en la compensaci\u00f3n. Con esto,\u00a0Santiago Gim\u00e9nez\u00a0tuvo su primera gran noche en los\u00a0Pa\u00edses Bajos, la primera de muchas m\u00e1s.<\/p>\n\n\n\n<p>Fuente: <a href=\"https:\/\/www.marca.com\/claro-mx\/futbol-internacional\/otras-ligas\/2022\/08\/27\/630a775f46163fb9978b4588.html?fbclid=IwAR34LNToSBIukhQ_Kfa-dIhEgG_XQJP-BeMSsvDX-BgoprdUeE1pNYXzIEc\">Marca Claro<\/a><\/p>\n","protected":false},"excerpt":{"rendered":"<p>La primera gran noche de\u00a0Santiago Gim\u00e9nez\u00a0con el Feyenoord. El atacante mexicano se luci\u00f3 en la goleada del equipo de Rotterdam pues\u00a0marc\u00f3 su primer tanto en el f\u00fatbol del Viejo Continente\u00a0y contribuy\u00f3 con una\u00a0asistencia\u00a0m\u00e1s para que su escuadra venciera al Emmen y se instalara en la primera posici\u00f3n (a falta de varios juegos) de la\u00a0Eredivisie. El [&hellip;]<\/p>\n","protected":false},"author":8,"featured_media":71606,"comment_status":"open","ping_status":"open","sticky":false,"template":"","format":"standard","meta":{"_monsterinsights_skip_tracking":false,"_monsterinsights_sitenote_active":false,"_monsterinsights_sitenote_note":"","_monsterinsights_sitenote_category":0,"footnotes":""},"categories":[159],"tags":[14649,17732,17699],"class_list":["post-71605","post","type-post","status-publish","format-standard","has-post-thumbnail","hentry","category-deportes","tag-eredivise","tag-feyenoord","tag-santiago-gimenez","wp-image-borders"],"amp_enabled":true,"_links":{"self":[{"href":"https:\/\/nvnoticias.mx\/index.php\/wp-json\/wp\/v2\/posts\/71605","targetHints":{"allow":["GET"]}}],"collection":[{"href":"https:\/\/nvnoticias.mx\/index.php\/wp-json\/wp\/v2\/posts"}],"about":[{"href":"https:\/\/nvnoticias.mx\/index.php\/wp-json\/wp\/v2\/types\/post"}],"author":[{"embeddable":true,"href":"https:\/\/nvnoticias.mx\/index.php\/wp-json\/wp\/v2\/users\/8"}],"replies":[{"embeddable":true,"href":"https:\/\/nvnoticias.mx\/index.php\/wp-json\/wp\/v2\/comments?post=71605"}],"version-history":[{"count":1,"href":"https:\/\/nvnoticias.mx\/index.php\/wp-json\/wp\/v2\/posts\/71605\/revisions"}],"predecessor-version":[{"id":71607,"href":"https:\/\/nvnoticias.mx\/index.php\/wp-json\/wp\/v2\/posts\/71605\/revisions\/71607"}],"wp:featuredmedia":[{"embeddable":true,"href":"https:\/\/nvnoticias.mx\/index.php\/wp-json\/wp\/v2\/media\/71606"}],"wp:attachment":[{"href":"https:\/\/nvnoticias.mx\/index.php\/wp-json\/wp\/v2\/media?parent=71605"}],"wp:term":[{"taxonomy":"category","embeddable":true,"href":"https:\/\/nvnoticias.mx\/index.php\/wp-json\/wp\/v2\/categories?post=71605"},{"taxonomy":"post_tag","embeddable":true,"href":"https:\/\/nvnoticias.mx\/index.php\/wp-json\/wp\/v2\/tags?post=71605"}],"curies":[{"name":"wp","href":"https:\/\/api.w.org\/{rel}","templated":true}]}}