{"id":71457,"date":"2022-08-26T13:43:03","date_gmt":"2022-08-26T18:43:03","guid":{"rendered":"https:\/\/nvnoticias.mx\/?p=71457"},"modified":"2022-08-26T13:43:05","modified_gmt":"2022-08-26T18:43:05","slug":"papa-francisco-pide-a-corea-del-norte-que-lo-invite-a-visitar-el-pais","status":"publish","type":"post","link":"https:\/\/nvnoticias.mx\/index.php\/2022\/08\/26\/papa-francisco-pide-a-corea-del-norte-que-lo-invite-a-visitar-el-pais\/","title":{"rendered":"Papa Francisco pide a Corea del Norte que lo invite a visitar el pa\u00eds"},"content":{"rendered":"\n<p>El papa Francisco pidi\u00f3 este viernes a Corea del Norte que lo invite a visitar el pa\u00eds, en una entrevista con la televisi\u00f3n surcoreana en la que asegur\u00f3 que no malgastar\u00e1 ninguna ocasi\u00f3n de trabajar por la paz. <\/p>\n\n\n\n<blockquote class=\"wp-block-quote is-layout-flow wp-block-quote-is-layout-flow\"><p>&#8220;<em>Cuando me inviten, y eso es lo mismo que decir por favor inv\u00edtenme, no dir\u00e9 que no<\/em>&#8220;, dijo el papa Francisco a la emisora estatal surcoreana KBS. <\/p><\/blockquote>\n\n\n\n<blockquote class=\"wp-block-quote is-layout-flow wp-block-quote-is-layout-flow\"><p>&#8220;<em>El objetivo no es m\u00e1s que la fraternidad<\/em>&#8220;, a\u00f1adi\u00f3 el pont\u00edfice de 85 a\u00f1os. <\/p><\/blockquote>\n\n\n\n<p>La posibilidad de una visita papal a Corea del Norte se plante\u00f3 en 2018, cuando el entonces presidente surcoreano, Moon Jae-in, entabl\u00f3 contactos con el l\u00edder del Norte, Kim Jong Un.<\/p>\n\n\n\n<p>Moon, de confesi\u00f3n cat\u00f3lica, afirm\u00f3 durante una cumbre que Kim le hab\u00eda dicho que el papa ser\u00eda bienvenido en su pa\u00eds &#8220;con entusiasmo&#8221;. <\/p>\n\n\n\n<p>Francisco dijo entonces que le gustar\u00eda ir a Corea del Norte si recib\u00eda una invitaci\u00f3n oficial. Pero los contactos entre Pyongyang y Se\u00fal se malograron tras el fiasco de la segunda cumbre entre Kim y el entonces presidente norteamericano Donald Trump en febrero de 2019. <\/p>\n\n\n\n<p>Las relaciones entre las dos Coreas, separadas desde el final de la guerra de 1950-1953, empeoraron con la llegada de un nuevo presidente surcoreano, Yoon Suk-yeol, en mayo. <\/p>\n\n\n\n<p>\u00c9ste propuso un plan de ayuda econ\u00f3mica al Norte a cambio de una desnuclearizaci\u00f3n, pero el r\u00e9gimen comunista de Kim Yong Un ridiculiz\u00f3 dicho plan. <\/p>\n\n\n\n<p>Corea del Norte acus\u00f3 al Sur de un brote de coronavirus en mayo, y este mismo mes amenaz\u00f3 incluso con &#8220;borrar del mapa&#8221; a las autoridades de Se\u00fal a modo de represalia.<\/p>\n\n\n\n<p>Igualmente, el Norte ensay\u00f3 un n\u00famero r\u00e9cord de armas este a\u00f1o, incluyendo el lanzamiento de un misil bal\u00edstico intercontinental por primera vez desde 2017. <\/p>\n\n\n\n<p><strong>El papa ha llamado repetidamente a los coreanos a &#8220;trabajar por la paz&#8221;<\/strong><\/p>\n\n\n\n<blockquote class=\"wp-block-quote is-layout-flow wp-block-quote-is-layout-flow\"><p>&#8220;<em>Ustedes, el pueblo coreano, han sufrido con la guerra<\/em>&#8220;, reiter\u00f3 este viernes. <\/p><\/blockquote>\n\n\n\n<p>La libertad religiosa est\u00e1 contemplada en la Constituci\u00f3n de Corea del Norte, pero en la pr\u00e1ctica est\u00e1 prohibida toda pr\u00e1ctica religiosa. <\/p>\n\n\n\n<p>El r\u00e9gimen de Pyongyang ha permitido a varias organizaciones cat\u00f3licas llevar adelante proyectos de ayuda, pero no tiene relaciones directas con el Vaticano. <\/p>\n\n\n\n<p>Cuando el papa Francisco visit\u00f3 Corea del Sur en 2014 ofici\u00f3 una misa especial consagrada a la reunificaci\u00f3n de las dos Coreas. <\/p>\n\n\n\n<p>Fuente: <a href=\"https:\/\/www.milenio.com\/internacional\/papa-francisco-pide-corea-norte-invite-visita\">Milenio<\/a><\/p>\n","protected":false},"excerpt":{"rendered":"<p>El papa Francisco pidi\u00f3 este viernes a Corea del Norte que lo invite a visitar el pa\u00eds, en una entrevista con la televisi\u00f3n surcoreana en la que asegur\u00f3 que no malgastar\u00e1 ninguna ocasi\u00f3n de trabajar por la paz. &#8220;Cuando me inviten, y eso es lo mismo que decir por favor inv\u00edtenme, no dir\u00e9 que no&#8220;, [&hellip;]<\/p>\n","protected":false},"author":8,"featured_media":47941,"comment_status":"open","ping_status":"open","sticky":false,"template":"","format":"standard","meta":{"_monsterinsights_skip_tracking":false,"_monsterinsights_sitenote_active":false,"_monsterinsights_sitenote_note":"","_monsterinsights_sitenote_category":0,"footnotes":""},"categories":[181],"tags":[2826,4796],"class_list":["post-71457","post","type-post","status-publish","format-standard","has-post-thumbnail","hentry","category-internacional","tag-corea-del-norte","tag-papa-francisco","wp-image-borders"],"amp_enabled":true,"_links":{"self":[{"href":"https:\/\/nvnoticias.mx\/index.php\/wp-json\/wp\/v2\/posts\/71457","targetHints":{"allow":["GET"]}}],"collection":[{"href":"https:\/\/nvnoticias.mx\/index.php\/wp-json\/wp\/v2\/posts"}],"about":[{"href":"https:\/\/nvnoticias.mx\/index.php\/wp-json\/wp\/v2\/types\/post"}],"author":[{"embeddable":true,"href":"https:\/\/nvnoticias.mx\/index.php\/wp-json\/wp\/v2\/users\/8"}],"replies":[{"embeddable":true,"href":"https:\/\/nvnoticias.mx\/index.php\/wp-json\/wp\/v2\/comments?post=71457"}],"version-history":[{"count":1,"href":"https:\/\/nvnoticias.mx\/index.php\/wp-json\/wp\/v2\/posts\/71457\/revisions"}],"predecessor-version":[{"id":71461,"href":"https:\/\/nvnoticias.mx\/index.php\/wp-json\/wp\/v2\/posts\/71457\/revisions\/71461"}],"wp:featuredmedia":[{"embeddable":true,"href":"https:\/\/nvnoticias.mx\/index.php\/wp-json\/wp\/v2\/media\/47941"}],"wp:attachment":[{"href":"https:\/\/nvnoticias.mx\/index.php\/wp-json\/wp\/v2\/media?parent=71457"}],"wp:term":[{"taxonomy":"category","embeddable":true,"href":"https:\/\/nvnoticias.mx\/index.php\/wp-json\/wp\/v2\/categories?post=71457"},{"taxonomy":"post_tag","embeddable":true,"href":"https:\/\/nvnoticias.mx\/index.php\/wp-json\/wp\/v2\/tags?post=71457"}],"curies":[{"name":"wp","href":"https:\/\/api.w.org\/{rel}","templated":true}]}}