{"id":71302,"date":"2022-08-25T13:10:44","date_gmt":"2022-08-25T18:10:44","guid":{"rendered":"https:\/\/nvnoticias.mx\/?p=71302"},"modified":"2022-08-25T13:10:44","modified_gmt":"2022-08-25T18:10:44","slug":"orfis-sigue-sin-dictaminar-cuenta-publica-de-san-andres-tuxtla","status":"publish","type":"post","link":"https:\/\/nvnoticias.mx\/index.php\/2022\/08\/25\/orfis-sigue-sin-dictaminar-cuenta-publica-de-san-andres-tuxtla\/","title":{"rendered":"Orfis sigue sin dictaminar cuenta p\u00fablica de San Andr\u00e9s Tuxtla"},"content":{"rendered":"\n<p><strong>Sam Ojeda\u00a0\/ NV Noticias<\/strong><\/p>\n\n\n\n<p>Xalapa.-El \u00d3rgano de Fiscalizaci\u00f3n Superior del Estado de Veracruz (Orfis) sigue sin emitir un dictamen de las cuentas p\u00fablicas 2014, 2015, 2016 y 2017, de la administraci\u00f3n municipal de Manuel Rosendo Pelayo, en San Andr\u00e9s Tuxtla.<\/p>\n\n\n\n<p>El diputado local y vocal de la Comisi\u00f3n de Vigilancia, Rafael Gustavo Fararoni Maga\u00f1a dijo que esto se debe a un rezago al interior del Orfis.<\/p>\n\n\n\n<blockquote class=\"wp-block-quote is-layout-flow wp-block-quote-is-layout-flow\"><p>&#8220;<em>Desde Tavo (Octavio) P\u00e9rez hubo denuncias por presunto da\u00f1o de Manuel Rosendo, ese proceso se ha seguido desde 2015, 2016, 2017&#8230; hay temas todav\u00eda de rezago en el Orfis<\/em>&#8216;.<\/p><\/blockquote>\n\n\n\n<p>Insisti\u00f3 en que aunque el Congreso &#8220;apura&#8221; al Orfis para que este determine si hubo da\u00f1o en San Andr\u00e9s Tuxtla, no hay todav\u00eda un resultado.&nbsp;<\/p>\n\n\n\n<blockquote class=\"wp-block-quote is-layout-flow wp-block-quote-is-layout-flow\"><p>&#8220;<em>De hecho la Comisi\u00f3n de Vigilancia ha apresurado para que se definan y se haga un dictamen de que si hubo o no un da\u00f1o patrimonial<\/em>&#8220;.<\/p><\/blockquote>\n","protected":false},"excerpt":{"rendered":"<p>Sam Ojeda\u00a0\/ NV Noticias Xalapa.-El \u00d3rgano de Fiscalizaci\u00f3n Superior del Estado de Veracruz (Orfis) sigue sin emitir un dictamen de las cuentas p\u00fablicas 2014, 2015, 2016 y 2017, de la administraci\u00f3n municipal de Manuel Rosendo Pelayo, en San Andr\u00e9s Tuxtla. El diputado local y vocal de la Comisi\u00f3n de Vigilancia, Rafael Gustavo Fararoni Maga\u00f1a dijo [&hellip;]<\/p>\n","protected":false},"author":8,"featured_media":14761,"comment_status":"open","ping_status":"open","sticky":false,"template":"","format":"standard","meta":{"_monsterinsights_skip_tracking":false,"_monsterinsights_sitenote_active":false,"_monsterinsights_sitenote_note":"","_monsterinsights_sitenote_category":0,"footnotes":""},"categories":[156],"tags":[1205,833,675],"class_list":["post-71302","post","type-post","status-publish","format-standard","has-post-thumbnail","hentry","category-estado","tag-cuenta-publica","tag-orfis","tag-san-andres-tuxtla","wp-image-borders"],"amp_enabled":true,"_links":{"self":[{"href":"https:\/\/nvnoticias.mx\/index.php\/wp-json\/wp\/v2\/posts\/71302","targetHints":{"allow":["GET"]}}],"collection":[{"href":"https:\/\/nvnoticias.mx\/index.php\/wp-json\/wp\/v2\/posts"}],"about":[{"href":"https:\/\/nvnoticias.mx\/index.php\/wp-json\/wp\/v2\/types\/post"}],"author":[{"embeddable":true,"href":"https:\/\/nvnoticias.mx\/index.php\/wp-json\/wp\/v2\/users\/8"}],"replies":[{"embeddable":true,"href":"https:\/\/nvnoticias.mx\/index.php\/wp-json\/wp\/v2\/comments?post=71302"}],"version-history":[{"count":1,"href":"https:\/\/nvnoticias.mx\/index.php\/wp-json\/wp\/v2\/posts\/71302\/revisions"}],"predecessor-version":[{"id":71303,"href":"https:\/\/nvnoticias.mx\/index.php\/wp-json\/wp\/v2\/posts\/71302\/revisions\/71303"}],"wp:featuredmedia":[{"embeddable":true,"href":"https:\/\/nvnoticias.mx\/index.php\/wp-json\/wp\/v2\/media\/14761"}],"wp:attachment":[{"href":"https:\/\/nvnoticias.mx\/index.php\/wp-json\/wp\/v2\/media?parent=71302"}],"wp:term":[{"taxonomy":"category","embeddable":true,"href":"https:\/\/nvnoticias.mx\/index.php\/wp-json\/wp\/v2\/categories?post=71302"},{"taxonomy":"post_tag","embeddable":true,"href":"https:\/\/nvnoticias.mx\/index.php\/wp-json\/wp\/v2\/tags?post=71302"}],"curies":[{"name":"wp","href":"https:\/\/api.w.org\/{rel}","templated":true}]}}