{"id":71251,"date":"2022-08-25T10:46:17","date_gmt":"2022-08-25T15:46:17","guid":{"rendered":"https:\/\/nvnoticias.mx\/?p=71251"},"modified":"2022-08-25T11:15:12","modified_gmt":"2022-08-25T16:15:12","slug":"rechaza-amlo-posibilidad-de-que-mexico-salga-del-t-mec","status":"publish","type":"post","link":"https:\/\/nvnoticias.mx\/index.php\/2022\/08\/25\/rechaza-amlo-posibilidad-de-que-mexico-salga-del-t-mec\/","title":{"rendered":"Rechaza AMLO posibilidad de que M\u00e9xico salga del T-MEC"},"content":{"rendered":"\n<p>El presidente Andr\u00e9s Manuel L\u00f3pez Obrador rechaz\u00f3 la&nbsp;posibilidad de que M\u00e9xico salga del T-MEC y&nbsp;reproch\u00f3 a las compa\u00f1\u00edas de Estados Unidos realizar las consultas bajo dicho acuerdo sobre la pol\u00edtica energ\u00e9tica de M\u00e9xico, pues aleg\u00f3 que d\u00edas antes se hab\u00eda reunido con empresarios de ese pa\u00eds para aclarar sus dudas.&nbsp; <\/p>\n\n\n\n<blockquote class=\"wp-block-quote is-layout-flow wp-block-quote-is-layout-flow\"><p>\u201cNo existe ninguna posibilidad porque hay una relaci\u00f3n buena, de respeto, siempre que hablo con el presidente Joe Biden me repite y me repite y yo no sigo mentiras de que quiere una relaci\u00f3n con nosotros en pie de igualdad, con respeto a nuestra soberan\u00eda\u201d, manifest\u00f3 en conferencia&nbsp;de prensa matutina en Palacio Nacional.&nbsp; <\/p><\/blockquote>\n\n\n\n<p>L\u00f3pez Obrador coment\u00f3 que &#8220;nos necesitamos mutuamente, ser\u00eda muy dif\u00edcil que funcionara la econom\u00eda estadunidense sin la participaci\u00f3n de M\u00e9xico&#8221;.&nbsp; <\/p>\n\n\n\n<blockquote class=\"wp-block-quote is-layout-flow wp-block-quote-is-layout-flow\"><p>&#8220;As\u00ed como a nosotros nos importa mucho tener buenas relaciones con Estados Unidos, a ellos tambi\u00e9n, ya no es el tiempo de antes. Si no hay autom\u00f3viles construidos en M\u00e9xico, al consumidor estadunidense le costar\u00eda mucho m\u00e1s comprar un veh\u00edculo. Y as\u00ed much\u00edsimas otras cosas, se ha venido dando una integraci\u00f3n econ\u00f3mica, nos complementamos en lo productivo, en lo laboral&#8221;, manifest\u00f3.&nbsp;<\/p><\/blockquote>\n\n\n\n<p>Fuente: <a href=\"https:\/\/www.milenio.com\/politica\/amlo-rechaza-posibilidad-mexico-salga-t-mec\" data-type=\"URL\" data-id=\"https:\/\/www.milenio.com\/politica\/amlo-rechaza-posibilidad-mexico-salga-t-mec\">Milenio<\/a><\/p>\n","protected":false},"excerpt":{"rendered":"<p>El presidente Andr\u00e9s Manuel L\u00f3pez Obrador rechaz\u00f3 la&nbsp;posibilidad de que M\u00e9xico salga del T-MEC y&nbsp;reproch\u00f3 a las compa\u00f1\u00edas de Estados Unidos realizar las consultas bajo dicho acuerdo sobre la pol\u00edtica energ\u00e9tica de M\u00e9xico, pues aleg\u00f3 que d\u00edas antes se hab\u00eda reunido con empresarios de ese pa\u00eds para aclarar sus dudas.&nbsp; \u201cNo existe ninguna posibilidad porque [&hellip;]<\/p>\n","protected":false},"author":35,"featured_media":64990,"comment_status":"open","ping_status":"open","sticky":false,"template":"","format":"standard","meta":{"_monsterinsights_skip_tracking":false,"_monsterinsights_sitenote_active":false,"_monsterinsights_sitenote_note":"","_monsterinsights_sitenote_category":0,"footnotes":""},"categories":[158],"tags":[188,292,162,12693,3163],"class_list":["post-71251","post","type-post","status-publish","format-standard","has-post-thumbnail","hentry","category-politica","tag-amlo","tag-mexico","tag-portada","tag-posibilidad","tag-t-mec","wp-image-borders"],"amp_enabled":true,"_links":{"self":[{"href":"https:\/\/nvnoticias.mx\/index.php\/wp-json\/wp\/v2\/posts\/71251","targetHints":{"allow":["GET"]}}],"collection":[{"href":"https:\/\/nvnoticias.mx\/index.php\/wp-json\/wp\/v2\/posts"}],"about":[{"href":"https:\/\/nvnoticias.mx\/index.php\/wp-json\/wp\/v2\/types\/post"}],"author":[{"embeddable":true,"href":"https:\/\/nvnoticias.mx\/index.php\/wp-json\/wp\/v2\/users\/35"}],"replies":[{"embeddable":true,"href":"https:\/\/nvnoticias.mx\/index.php\/wp-json\/wp\/v2\/comments?post=71251"}],"version-history":[{"count":2,"href":"https:\/\/nvnoticias.mx\/index.php\/wp-json\/wp\/v2\/posts\/71251\/revisions"}],"predecessor-version":[{"id":71261,"href":"https:\/\/nvnoticias.mx\/index.php\/wp-json\/wp\/v2\/posts\/71251\/revisions\/71261"}],"wp:featuredmedia":[{"embeddable":true,"href":"https:\/\/nvnoticias.mx\/index.php\/wp-json\/wp\/v2\/media\/64990"}],"wp:attachment":[{"href":"https:\/\/nvnoticias.mx\/index.php\/wp-json\/wp\/v2\/media?parent=71251"}],"wp:term":[{"taxonomy":"category","embeddable":true,"href":"https:\/\/nvnoticias.mx\/index.php\/wp-json\/wp\/v2\/categories?post=71251"},{"taxonomy":"post_tag","embeddable":true,"href":"https:\/\/nvnoticias.mx\/index.php\/wp-json\/wp\/v2\/tags?post=71251"}],"curies":[{"name":"wp","href":"https:\/\/api.w.org\/{rel}","templated":true}]}}