{"id":71243,"date":"2022-08-25T10:31:18","date_gmt":"2022-08-25T15:31:18","guid":{"rendered":"https:\/\/nvnoticias.mx\/?p=71243"},"modified":"2022-08-25T10:31:19","modified_gmt":"2022-08-25T15:31:19","slug":"dejar-prision-preventiva-a-decision-de-jueces-derivaria-en-corrupcion-sspc","status":"publish","type":"post","link":"https:\/\/nvnoticias.mx\/index.php\/2022\/08\/25\/dejar-prision-preventiva-a-decision-de-jueces-derivaria-en-corrupcion-sspc\/","title":{"rendered":"Dejar prisi\u00f3n preventiva a decisi\u00f3n de jueces derivar\u00eda en corrupci\u00f3n: SSPC"},"content":{"rendered":"\n<p>Dejar la&nbsp;<strong>prisi\u00f3n preventiva oficiosa<\/strong>&nbsp;a la decisi\u00f3n del<strong>&nbsp;juez<\/strong>, en caso de delitos de alto impacto, como homicidio, feminicidio, violaci\u00f3n, podr\u00eda derivar en m\u00faltiples&nbsp;<strong>casos de corrupci\u00f3n<\/strong>,&nbsp;<strong>mercado de abogados&nbsp;<\/strong>y jueces e<strong>&nbsp;incrementar\u00eda los riesgos para jueces y v\u00edctimas<\/strong>, consider\u00f3 el subsecretario de&nbsp;<strong>Seguridad P\u00fablica, Ricardo Mej\u00eda Berdeja<\/strong><\/p>\n\n\n\n<p>Al reportar este mi\u00e9rcoles que un juez federal determin\u00f3 no vincular a proceso penal federal a Jos\u00e9 Bernab\u00e9 Brizuela, al\u00edas \u201cLa Vaca\u201d, presunto l\u00edder del C\u00e1rtel Independiente de Colima, detenido hace una semana en la Ciudad de M\u00e9xico, el funcionario resalt\u00f3 la importancia de la prisi\u00f3n preventiva oficiosa para ciertos delitos graves del fuero com\u00fan, para delitos de delincuencia organizada y delitos financieros y llevados a cabo por servidores p\u00fablicos.<\/p>\n\n\n\n<p>Dicha medida cautelar, dijo, opera autom\u00e1ticamente cuando se dan los supuestos de vinculaci\u00f3n procesal de los detenidos por ciertos delitos graves del fuero com\u00fan y para delitos de delincuencia organizada y financieros, y no est\u00e1 sujeta a la decisi\u00f3n del juez.<\/p>\n\n\n\n<blockquote class=\"wp-block-quote is-layout-flow wp-block-quote-is-layout-flow\"><p>\u201cPor eso importante mantenerlo, porque si se est\u00e1 al arbitrio de que cada detenci\u00f3n por estos delitos sea un juzgador el que resuelva si se queda en prisi\u00f3n o no, esto puede dar lugar a m\u00faltiples casos de corrupci\u00f3n, a un mercadeo de abogados y jueces, tambi\u00e9n incrementar\u00eda la peligrosidad para los propios jueces, para la v\u00edctima que se atreve a denunciar esos delitos, para los testigos sobre todo representa una amenaza para la sociedad porque estos individuos en libertad seguir\u00edan llevando a cabo sus actividades de car\u00e1cter criminal\u201d.<\/p><\/blockquote>\n\n\n\n<p>El subsecretario de Seguridad P\u00fablica, Ricardo Mej\u00eda Berdeja, anunci\u00f3 que \u201cafortunadamente\u201d Bernab\u00e9 Brizuela cuenta con dos \u00f3rdenes de aprehensi\u00f3n por delitos del fuero com\u00fan giradas por jueces de Colima y Tamaulipas, respectivamente, mismas que se le cumplimentar\u00e1n en el penal del Altiplano para evitar que \u201cLa Vaca\u201d, considerado de alta peligrosidad, evada la acci\u00f3n de la justicia.<\/p>\n\n\n\n<p>Al presentar este jueves el informe \u201cCero Impunidad\u201d, en la conferencia de prensa presidencial, Mej\u00eda Berdeja inform\u00f3 que a Bernab\u00e9 Brizuela, principal generador de violencia en Colima, se le atribuye la muerte de un elemento de la Agencia de Investigaci\u00f3n Estatal de Oaxaca en diciembre de 2019, mientras era trasladado a Tamaulipas en cumplimiento de una orden de aprehensi\u00f3n por los delitos de homicidio calificado y delitos contra servidores p\u00fablicos.<\/p>\n\n\n\n<p>Fuente: <a href=\"https:\/\/www.eluniversal.com.mx\/nacion\/sspc-dejar-prision-preventiva-decision-de-jueces-derivaria-en-corrupcion-y-mercado-de-abogados\" data-type=\"URL\" data-id=\"https:\/\/www.eluniversal.com.mx\/nacion\/sspc-dejar-prision-preventiva-decision-de-jueces-derivaria-en-corrupcion-y-mercado-de-abogados\">El universal<\/a><\/p>\n","protected":false},"excerpt":{"rendered":"<p>Dejar la&nbsp;prisi\u00f3n preventiva oficiosa&nbsp;a la decisi\u00f3n del&nbsp;juez, en caso de delitos de alto impacto, como homicidio, feminicidio, violaci\u00f3n, podr\u00eda derivar en m\u00faltiples&nbsp;casos de corrupci\u00f3n,&nbsp;mercado de abogados&nbsp;y jueces e&nbsp;incrementar\u00eda los riesgos para jueces y v\u00edctimas, consider\u00f3 el subsecretario de&nbsp;Seguridad P\u00fablica, Ricardo Mej\u00eda Berdeja Al reportar este mi\u00e9rcoles que un juez federal determin\u00f3 no vincular a proceso [&hellip;]<\/p>\n","protected":false},"author":35,"featured_media":3006,"comment_status":"open","ping_status":"open","sticky":false,"template":"","format":"standard","meta":{"_monsterinsights_skip_tracking":false,"_monsterinsights_sitenote_active":false,"_monsterinsights_sitenote_note":"","_monsterinsights_sitenote_category":0,"footnotes":""},"categories":[157],"tags":[2663,5401,162,2918,2924],"class_list":["post-71243","post","type-post","status-publish","format-standard","has-post-thumbnail","hentry","category-nacional","tag-corrupcion","tag-jueces","tag-portada","tag-prision-preventiva","tag-sspc","wp-image-borders"],"amp_enabled":true,"_links":{"self":[{"href":"https:\/\/nvnoticias.mx\/index.php\/wp-json\/wp\/v2\/posts\/71243","targetHints":{"allow":["GET"]}}],"collection":[{"href":"https:\/\/nvnoticias.mx\/index.php\/wp-json\/wp\/v2\/posts"}],"about":[{"href":"https:\/\/nvnoticias.mx\/index.php\/wp-json\/wp\/v2\/types\/post"}],"author":[{"embeddable":true,"href":"https:\/\/nvnoticias.mx\/index.php\/wp-json\/wp\/v2\/users\/35"}],"replies":[{"embeddable":true,"href":"https:\/\/nvnoticias.mx\/index.php\/wp-json\/wp\/v2\/comments?post=71243"}],"version-history":[{"count":4,"href":"https:\/\/nvnoticias.mx\/index.php\/wp-json\/wp\/v2\/posts\/71243\/revisions"}],"predecessor-version":[{"id":71248,"href":"https:\/\/nvnoticias.mx\/index.php\/wp-json\/wp\/v2\/posts\/71243\/revisions\/71248"}],"wp:featuredmedia":[{"embeddable":true,"href":"https:\/\/nvnoticias.mx\/index.php\/wp-json\/wp\/v2\/media\/3006"}],"wp:attachment":[{"href":"https:\/\/nvnoticias.mx\/index.php\/wp-json\/wp\/v2\/media?parent=71243"}],"wp:term":[{"taxonomy":"category","embeddable":true,"href":"https:\/\/nvnoticias.mx\/index.php\/wp-json\/wp\/v2\/categories?post=71243"},{"taxonomy":"post_tag","embeddable":true,"href":"https:\/\/nvnoticias.mx\/index.php\/wp-json\/wp\/v2\/tags?post=71243"}],"curies":[{"name":"wp","href":"https:\/\/api.w.org\/{rel}","templated":true}]}}