{"id":71242,"date":"2022-08-25T10:31:37","date_gmt":"2022-08-25T15:31:37","guid":{"rendered":"https:\/\/nvnoticias.mx\/?p=71242"},"modified":"2022-08-25T10:31:38","modified_gmt":"2022-08-25T15:31:38","slug":"hablemos-de-lo-importante","status":"publish","type":"post","link":"https:\/\/nvnoticias.mx\/index.php\/2022\/08\/25\/hablemos-de-lo-importante\/","title":{"rendered":"Hablemos de lo importante"},"content":{"rendered":"\n<p class=\"has-text-align-right\"><strong>Por Jorge Luis Malpica Ortiz<\/strong><\/p>\n\n\n\n<p>Marcar la agenda es uno de los principales atributos pol\u00edticos que tiene el presidente L\u00f3pez Obrador para que todos estemos hablando de lo que \u00e9l quiere que hablemos.<\/p>\n\n\n\n<p>Todos los d\u00edas, desde su or\u00e1culo ma\u00f1anero, dicta y encauza el tema o los temas que le interesa que analicemos, critiquemos, despotriquemos, vituperemos, para que, sea como sea el resultado de la pol\u00e9mica, nos mantengamos hablando de otra cosa que no sea lo que a \u00e9l verdaderamente le importa, como es el caso de la inseguridad y los hechos violentos desatados en distintas partes de la Rep\u00fablica hace una semana y media.<\/p>\n\n\n\n<p>En estos momentos volvimos a caer en su juego con la detenci\u00f3n de Murillo Karam y el resolutivo preliminar que dieron a conocer con el caso Ayotzinapa y los 43 normalistas desaparecidos. No podemos ningunear ni menospreciar el tema de Ayotzinapa, por lo que representa y represent\u00f3 en todos sentidos al gobierno pasado, al actual y, principalmente, a los familiares de los 43 normalistas desaparecidos. Es y fue una tragedia en todo orden. Sin embargo, se desvi\u00f3 la opini\u00f3n p\u00fablica de lo que realmente nos debe importar a los ciudadanos que es la seguridad y nuestra integridad.<\/p>\n\n\n\n<p>Al d\u00eda de hoy, nadie le est\u00e1 dando seguimiento a los terribles sucesos violentos que vivimos en varias partes del pa\u00eds hace una semana y media. Estos hechos socaban la estructura b\u00e1sica de toda sociedad: la econ\u00f3mica, la pol\u00edtica y, sobre todo, la social. Esto provoca que se pierda la certidumbre, la confianza, el crecimiento, la paz y la tranquilidad de todos los sectores sociales del pa\u00eds y se merma la imagen al exterior.<\/p>\n\n\n\n<p>Es por esto que nos dimos a la tarea de hacer una breve compilaci\u00f3n de los puntos de vista m\u00e1s relevantes de Alejandro Hope, de Epigmenio Ibarra y de Raymundo Riva Palacio, sobre estos acontecimientos de extrema violencia que se dieron en el pa\u00eds, para poder vislumbrar la dimensi\u00f3n del grave problema que representan estos hechos.<\/p>\n\n\n\n<p>Alejandro Hope, en su columna de El Universal, escribi\u00f3 un art\u00edculo que denomin\u00f3 La semana de fuego, en donde apunt\u00f3 que \u201cLa narrativa dominante en medios y redes sociales era la de un pa\u00eds al borde del caos. Incluso voces cercanas al gobierno empujaron esa versi\u00f3n al propalar teor\u00edas sobre una presunta conspiraci\u00f3n de la \u201cderecha\u201d, en contubernio con varias bandas del\u00a0crimen organizado. Y s\u00ed, es dif\u00edcil no ver la semana con mirada de conjunto e interpretar los hechos violentos como parte de una red interconectada o como manifestaciones de un fen\u00f3meno gigante con alcances nacionales.<\/p>\n\n\n\n<p>Pero eso deja de lado las especificidades locales de cada una de estas conflagraciones. En el Baj\u00edo o en Ju\u00e1rez o en Baja California, hubo detonadores particulares, resultado de din\u00e1micas de conflicto no necesariamente trasladables a otras geograf\u00edas. El\u00a0incendio de Oxxos\u00a0en Irapuato, los\u00a0ataques a balazos\u00a0contra civiles y la quema de autobuses en Tijuana tuvieron en com\u00fan el calendario, pero no mucho m\u00e1s.<\/p>\n\n\n\n<p>Para entender lo sucedido, hay que recuperar las caracter\u00edsticas locales de cada uno de los hechos y no meter todo en una categor\u00eda amorfa como \u201cnarcoterrorismo\u201d o similares.\u201d<\/p>\n\n\n\n<p>En otra perspectiva y siguiendo con el argumento de Hope de que se empezaron a propalar teor\u00edas sobre una presunta conspiraci\u00f3n de la \u201cderecha\u201d, en contubernio con varias bandas del crimen organizado, Epigmenio Ibarra, en su columna de Milenio que intitul\u00f3 \u201cCrimen S.A.\u201d coment\u00f3 lo siguiente: \u201cPropaganda es lo que hizo el Narco en varios estados del centro y la frontera norte. Solo propaganda con unas cuantas armas, un pu\u00f1ado de hombres y unos bidones de gasolina. Propaganda es la que hace la derecha conservadora al tratar de sacar raja pol\u00edtica de estos lamentables sucesos. Solo una minor\u00eda, a la que la rabia y el resentimiento ciegan, se cree eso de que somos un pa\u00eds a la deriva al que urge \u201csalvar\u201d. Lo cierto es que unos, los capos, buscan defender a cualquier costo su negocio y otros, los opositores m\u00e1s irracionales y fanatizados, quieren, tambi\u00e9n a cualquier costo; incluso el de la paz y la soberan\u00eda, \u201crecuperar la plaza\u201d. M\u00e1s que compartir un objetivo pol\u00edtico com\u00fan comparten un prop\u00f3sito comercial.\u201d<\/p>\n\n\n\n<p>Por su parte, Raymundo Riva Palacio en su columna de El Financiero, escribi\u00f3: \u201cMinimizar la violencia y decir que no hubo tanta como lo difundieron los medios puede enga\u00f1ar a bobos o ser una desviaci\u00f3n mit\u00f3mana. Que el presidente Andr\u00e9s Manuel L\u00f3pez Obrador y su gabinete de seguridad repitan que los muertos, bloqueos y veh\u00edculos quemados se limitan a actos de propaganda del crimen organizado, adem\u00e1s de reduccionista, es no querer ver el tama\u00f1o del problema que enfrentan, porque lo que sucedi\u00f3 en cuatro estados tiene que ver con realineamientos y pugnas internas entre los c\u00e1rteles, que pelean y disputan territorios ante la ausencia deliberada del gobierno federal para impedirlo\u2026 Aunque usan (los distintos grupos del crimen organizado) la propaganda como una herramienta de la violencia, ni empieza ni termina ah\u00ed. Es mucho m\u00e1s complejo de c\u00f3mo lo explic\u00f3 el gobierno.\u201d <\/p>\n\n\n\n<p>Resultan interesantes los puntos de vista de Hope, Ibarra y Riva Palacio porque nos muestran lo grave, complicado y peligroso que esto representa para la gobernabilidad y, por ende, la estabilidad del pa\u00eds. Rotundamente, la estrategia de seguridad de este gobierno no est\u00e1 funcionando; los abrazos no balazos nos tienen a merced del crimen organizado. Algo se tendr\u00e1 que hacer al respecto, porque de lo contrario, en muy poco tiempo seremos completamente un estado fallido, lo cual nos va a traer graves consecuencias a todos los mexicanos. Por eso nos debemos de aplicar m\u00e1s en atender lo que verdaderamente nos importa y no lo que el presidente nos quiera hacer pensar que es lo importante.<br><\/p>\n","protected":false},"excerpt":{"rendered":"<p>Por Jorge Luis Malpica Ortiz Marcar la agenda es uno de los principales atributos pol\u00edticos que tiene el presidente L\u00f3pez Obrador para que todos estemos hablando de lo que \u00e9l quiere que hablemos. Todos los d\u00edas, desde su or\u00e1culo ma\u00f1anero, dicta y encauza el tema o los temas que le interesa que analicemos, critiquemos, despotriquemos, [&hellip;]<\/p>\n","protected":false},"author":27,"featured_media":67150,"comment_status":"open","ping_status":"open","sticky":false,"template":"","format":"standard","meta":{"_monsterinsights_skip_tracking":false,"_monsterinsights_sitenote_active":false,"_monsterinsights_sitenote_note":"","_monsterinsights_sitenote_category":0,"footnotes":""},"categories":[243],"tags":[363],"class_list":["post-71242","post","type-post","status-publish","format-standard","has-post-thumbnail","hentry","category-purgatorio","tag-jorge-luis-malpica-ortiz","wp-image-borders"],"amp_enabled":true,"_links":{"self":[{"href":"https:\/\/nvnoticias.mx\/index.php\/wp-json\/wp\/v2\/posts\/71242","targetHints":{"allow":["GET"]}}],"collection":[{"href":"https:\/\/nvnoticias.mx\/index.php\/wp-json\/wp\/v2\/posts"}],"about":[{"href":"https:\/\/nvnoticias.mx\/index.php\/wp-json\/wp\/v2\/types\/post"}],"author":[{"embeddable":true,"href":"https:\/\/nvnoticias.mx\/index.php\/wp-json\/wp\/v2\/users\/27"}],"replies":[{"embeddable":true,"href":"https:\/\/nvnoticias.mx\/index.php\/wp-json\/wp\/v2\/comments?post=71242"}],"version-history":[{"count":1,"href":"https:\/\/nvnoticias.mx\/index.php\/wp-json\/wp\/v2\/posts\/71242\/revisions"}],"predecessor-version":[{"id":71249,"href":"https:\/\/nvnoticias.mx\/index.php\/wp-json\/wp\/v2\/posts\/71242\/revisions\/71249"}],"wp:featuredmedia":[{"embeddable":true,"href":"https:\/\/nvnoticias.mx\/index.php\/wp-json\/wp\/v2\/media\/67150"}],"wp:attachment":[{"href":"https:\/\/nvnoticias.mx\/index.php\/wp-json\/wp\/v2\/media?parent=71242"}],"wp:term":[{"taxonomy":"category","embeddable":true,"href":"https:\/\/nvnoticias.mx\/index.php\/wp-json\/wp\/v2\/categories?post=71242"},{"taxonomy":"post_tag","embeddable":true,"href":"https:\/\/nvnoticias.mx\/index.php\/wp-json\/wp\/v2\/tags?post=71242"}],"curies":[{"name":"wp","href":"https:\/\/api.w.org\/{rel}","templated":true}]}}