{"id":71225,"date":"2022-08-24T19:00:09","date_gmt":"2022-08-25T00:00:09","guid":{"rendered":"https:\/\/nvnoticias.mx\/?p=71225"},"modified":"2022-08-24T19:00:11","modified_gmt":"2022-08-25T00:00:11","slug":"seleccion-mexicana-anuncia-lista-de-convocados-para-enfrentar-a-paraguay","status":"publish","type":"post","link":"https:\/\/nvnoticias.mx\/index.php\/2022\/08\/24\/seleccion-mexicana-anuncia-lista-de-convocados-para-enfrentar-a-paraguay\/","title":{"rendered":"Selecci\u00f3n Mexicana anuncia lista de convocados para enfrentar a Paraguay"},"content":{"rendered":"\n<p>La selecci\u00f3n mexicana anunci\u00f3 este mi\u00e9rcoles la lista de convocados que Gerardo Martino, director t\u00e9cnico del cuadro nacional, llam\u00f3 para el partido amistoso ante Paraguay, en Atlanta, Georgia, como parte de la preparaci\u00f3n rumbo al Mundial de Qatar 2022. <\/p>\n\n\n\n<p>Al no ser una Fecha FIFA, el estratega argentino solo contar\u00e1 con elementos de la Liga MX\u00a0y para este compromiso de preparaci\u00f3n en tierras estadunidense, el cual servir\u00e1 para que algunos futbolistas poco habituales en el Tricolor puedan llenarle el ojo al \u2018Tata\u2019. <\/p>\n\n\n\n<p>La m\u00e1s destacada novedad es la del defensor de Am\u00e9rica, Emilio Lara, quien este martes marc\u00f3 el gol del triunfo de su equipo ante Quer\u00e9taro, y ha tenido buenas actuaciones en el Apertura 2022. Otro de los nuevos nombres es la del portero de Necaxa, Luis Malag\u00f3n, quien ha estado en selecciones de l\u00edmite de edad y en esta ocasi\u00f3n su llamado al equipo estelar. <\/p>\n\n\n\n<figure class=\"wp-block-embed aligncenter is-type-rich is-provider-twitter wp-block-embed-twitter\"><div class=\"wp-block-embed__wrapper\">\n<blockquote class=\"twitter-tweet\" data-width=\"550\" data-dnt=\"true\"><p lang=\"es\" dir=\"ltr\"><a href=\"https:\/\/twitter.com\/hashtag\/Selecciones?src=hash&amp;ref_src=twsrc%5Etfw\">#Selecciones<\/a> | Convocatoria de <a href=\"https:\/\/twitter.com\/miseleccionmx?ref_src=twsrc%5Etfw\">@miseleccionmx<\/a> para el partido de preparaci\u00f3n ante Paraguay.<br><br>Detalles: <a href=\"https:\/\/t.co\/PRQy2jxKRT\">https:\/\/t.co\/PRQy2jxKRT<\/a><a href=\"https:\/\/twitter.com\/hashtag\/FMFporNuestroF%C3%BAtbol?src=hash&amp;ref_src=twsrc%5Etfw\">#FMFporNuestroF\u00fatbol<\/a> <a href=\"https:\/\/t.co\/uA3miXbAmV\">pic.twitter.com\/uA3miXbAmV<\/a><\/p>&mdash; Federaci\u00f3n Mexicana de F\u00fatbol (@FMF) <a href=\"https:\/\/twitter.com\/FMF\/status\/1562565039663394816?ref_src=twsrc%5Etfw\">August 24, 2022<\/a><\/blockquote><script async src=\"https:\/\/platform.twitter.com\/widgets.js\" charset=\"utf-8\"><\/script>\n<\/div><\/figure>\n\n\n\n<p>Otro que destaca entre la lista es Henry Mart\u00edn, quien ha tenido un buen rendimiento goleador en el Apertura 2022 de la Liga MX, pues ya es el l\u00edder goleador, y ante la lesi\u00f3n de Jes\u00fas Tecatito Corona, podr\u00eda ser una alternativa para reemplazarlo.\u00a0 <\/p>\n\n\n\n<p>En tanto,\u00a0la ausencia que sorprendi\u00f3 un poco fue la Alejandro Zendejas, otro delantero de las \u00c1guilas que vive buen presente, pero no fue considerado por Martino para este duelo de preparaci\u00f3n.\u00a0 <\/p>\n\n\n\n<p>La selecci\u00f3n mexicana, dirigida por Gerardo Martino, se medir\u00e1 a Paraguay en duelo amistoso y de preparaci\u00f3n de cara al Mundial de Qatar 2022, justa en la que enfrentar\u00e1 a Polonia, Argentina y Arabia Saudita.\u00a0 <\/p>\n\n\n\n<p>Ser\u00e1 el pr\u00f3ximo mi\u00e9rcoles 31 de agosto, en punto de las 20:00 horas, tiempo del centro de M\u00e9xico, en el\u00a0Mercedes-Benz Stadium, de Atlanta, Georgia.\u00a0 <\/p>\n\n\n\n<p>Fuente: <a href=\"https:\/\/www.milenio.com\/futbol\/seleccion-mexicana\/tri-anuncia-lista-de-convocados-para-partido-amistoso-ante-paraguay\">Milenio<\/a><\/p>\n","protected":false},"excerpt":{"rendered":"<p>La selecci\u00f3n mexicana anunci\u00f3 este mi\u00e9rcoles la lista de convocados que Gerardo Martino, director t\u00e9cnico del cuadro nacional, llam\u00f3 para el partido amistoso ante Paraguay, en Atlanta, Georgia, como parte de la preparaci\u00f3n rumbo al Mundial de Qatar 2022. Al no ser una Fecha FIFA, el estratega argentino solo contar\u00e1 con elementos de la Liga [&hellip;]<\/p>\n","protected":false},"author":8,"featured_media":62158,"comment_status":"open","ping_status":"open","sticky":false,"template":"","format":"standard","meta":{"_monsterinsights_skip_tracking":false,"_monsterinsights_sitenote_active":false,"_monsterinsights_sitenote_note":"","_monsterinsights_sitenote_category":0,"footnotes":""},"categories":[159],"tags":[3012,13825,4379,2694],"class_list":["post-71225","post","type-post","status-publish","format-standard","has-post-thumbnail","hentry","category-deportes","tag-amistoso","tag-convocados","tag-paraguay","tag-seleccion-mexicana","wp-image-borders"],"amp_enabled":true,"_links":{"self":[{"href":"https:\/\/nvnoticias.mx\/index.php\/wp-json\/wp\/v2\/posts\/71225","targetHints":{"allow":["GET"]}}],"collection":[{"href":"https:\/\/nvnoticias.mx\/index.php\/wp-json\/wp\/v2\/posts"}],"about":[{"href":"https:\/\/nvnoticias.mx\/index.php\/wp-json\/wp\/v2\/types\/post"}],"author":[{"embeddable":true,"href":"https:\/\/nvnoticias.mx\/index.php\/wp-json\/wp\/v2\/users\/8"}],"replies":[{"embeddable":true,"href":"https:\/\/nvnoticias.mx\/index.php\/wp-json\/wp\/v2\/comments?post=71225"}],"version-history":[{"count":1,"href":"https:\/\/nvnoticias.mx\/index.php\/wp-json\/wp\/v2\/posts\/71225\/revisions"}],"predecessor-version":[{"id":71226,"href":"https:\/\/nvnoticias.mx\/index.php\/wp-json\/wp\/v2\/posts\/71225\/revisions\/71226"}],"wp:featuredmedia":[{"embeddable":true,"href":"https:\/\/nvnoticias.mx\/index.php\/wp-json\/wp\/v2\/media\/62158"}],"wp:attachment":[{"href":"https:\/\/nvnoticias.mx\/index.php\/wp-json\/wp\/v2\/media?parent=71225"}],"wp:term":[{"taxonomy":"category","embeddable":true,"href":"https:\/\/nvnoticias.mx\/index.php\/wp-json\/wp\/v2\/categories?post=71225"},{"taxonomy":"post_tag","embeddable":true,"href":"https:\/\/nvnoticias.mx\/index.php\/wp-json\/wp\/v2\/tags?post=71225"}],"curies":[{"name":"wp","href":"https:\/\/api.w.org\/{rel}","templated":true}]}}