{"id":71204,"date":"2022-08-24T18:35:37","date_gmt":"2022-08-24T23:35:37","guid":{"rendered":"https:\/\/nvnoticias.mx\/?p=71204"},"modified":"2022-08-24T18:35:38","modified_gmt":"2022-08-24T23:35:38","slug":"realizan-en-boca-del-rio-reunion-plenaria-del-pan","status":"publish","type":"post","link":"https:\/\/nvnoticias.mx\/index.php\/2022\/08\/24\/realizan-en-boca-del-rio-reunion-plenaria-del-pan\/","title":{"rendered":"Realizan en Boca Del R\u00edo Reuni\u00f3n Plenaria del PAN"},"content":{"rendered":"\n<p><strong>Jes\u00fas Utrilla \/ NV Noticias<\/strong><\/p>\n\n\n\n<p>Se llev\u00f3 a cabo la Reuni\u00f3n Plenaria del PAN, por la apertura del Primer Periodo de Sesiones del Segundo A\u00f1o de la 65 Legislatura del Congreso de la Uni\u00f3n.<\/p>\n\n\n\n<p>Jorge Romero Herrera, coordinador de los diputados del PAN, explic\u00f3 que la oposici\u00f3n busca establecer una agenda parlamentaria para ser un verdadero contrapeso del gobierno.<\/p>\n\n\n\n<p>Destac\u00f3 la propuesta de Ley de Seguridad Social para los cuerpos policiacos; poner \u00e9nfasis en la prevenci\u00f3n usando la tecnolog\u00eda; el Presupuesto de Egresos 2023, para que los contribuyentes opinen que debe hacerse con el dinero que aportan.<\/p>\n\n\n\n<p>Consider\u00f3 que la estrategia de seguridad necesita replantearse.<\/p>\n","protected":false},"excerpt":{"rendered":"<p>Jes\u00fas Utrilla \/ NV Noticias Se llev\u00f3 a cabo la Reuni\u00f3n Plenaria del PAN, por la apertura del Primer Periodo de Sesiones del Segundo A\u00f1o de la 65 Legislatura del Congreso de la Uni\u00f3n. Jorge Romero Herrera, coordinador de los diputados del PAN, explic\u00f3 que la oposici\u00f3n busca establecer una agenda parlamentaria para ser un [&hellip;]<\/p>\n","protected":false},"author":8,"featured_media":71205,"comment_status":"open","ping_status":"open","sticky":false,"template":"","format":"standard","meta":{"_monsterinsights_skip_tracking":false,"_monsterinsights_sitenote_active":false,"_monsterinsights_sitenote_note":"","_monsterinsights_sitenote_category":0,"footnotes":""},"categories":[158],"tags":[423,284,18658],"class_list":["post-71204","post","type-post","status-publish","format-standard","has-post-thumbnail","hentry","category-politica","tag-boca-del-rio","tag-pan","tag-reunion-plenaria","wp-image-borders"],"amp_enabled":true,"_links":{"self":[{"href":"https:\/\/nvnoticias.mx\/index.php\/wp-json\/wp\/v2\/posts\/71204","targetHints":{"allow":["GET"]}}],"collection":[{"href":"https:\/\/nvnoticias.mx\/index.php\/wp-json\/wp\/v2\/posts"}],"about":[{"href":"https:\/\/nvnoticias.mx\/index.php\/wp-json\/wp\/v2\/types\/post"}],"author":[{"embeddable":true,"href":"https:\/\/nvnoticias.mx\/index.php\/wp-json\/wp\/v2\/users\/8"}],"replies":[{"embeddable":true,"href":"https:\/\/nvnoticias.mx\/index.php\/wp-json\/wp\/v2\/comments?post=71204"}],"version-history":[{"count":1,"href":"https:\/\/nvnoticias.mx\/index.php\/wp-json\/wp\/v2\/posts\/71204\/revisions"}],"predecessor-version":[{"id":71206,"href":"https:\/\/nvnoticias.mx\/index.php\/wp-json\/wp\/v2\/posts\/71204\/revisions\/71206"}],"wp:featuredmedia":[{"embeddable":true,"href":"https:\/\/nvnoticias.mx\/index.php\/wp-json\/wp\/v2\/media\/71205"}],"wp:attachment":[{"href":"https:\/\/nvnoticias.mx\/index.php\/wp-json\/wp\/v2\/media?parent=71204"}],"wp:term":[{"taxonomy":"category","embeddable":true,"href":"https:\/\/nvnoticias.mx\/index.php\/wp-json\/wp\/v2\/categories?post=71204"},{"taxonomy":"post_tag","embeddable":true,"href":"https:\/\/nvnoticias.mx\/index.php\/wp-json\/wp\/v2\/tags?post=71204"}],"curies":[{"name":"wp","href":"https:\/\/api.w.org\/{rel}","templated":true}]}}