{"id":71200,"date":"2022-08-24T18:31:45","date_gmt":"2022-08-24T23:31:45","guid":{"rendered":"https:\/\/nvnoticias.mx\/?p=71200"},"modified":"2022-08-24T18:48:42","modified_gmt":"2022-08-24T23:48:42","slug":"necesario-fortalecer-a-los-policias-para-combatir-al-crimen-organizado-margarita-zavala","status":"publish","type":"post","link":"https:\/\/nvnoticias.mx\/index.php\/2022\/08\/24\/necesario-fortalecer-a-los-policias-para-combatir-al-crimen-organizado-margarita-zavala\/","title":{"rendered":"Necesario fortalecer a los polic\u00edas para combatir al crimen organizado: Margarita Zavala"},"content":{"rendered":"\n<p><strong>Jes\u00fas Utrilla \/ NV Noticias<\/strong><\/p>\n\n\n\n<p>Falta garantizar estado de derecho y fortalecer a las polic\u00edas para reducir los \u00edndices de inseguridad, se\u00f1al\u00f3 la diputada federal del Partido Acci\u00f3n Nacional, Margarita Zavala.<\/p>\n\n\n\n<p>Dijo que los legisladores igual que los ciudadanos en general se encuentran preocupados por la inseguridad, Perl hay propuestas fundamentales como fortalecer a las polic\u00edas estatales y municipales, mejorar los esquemas de control de confianza, dotar de instrumentos a las instituciones para el combate a la delincuencia, entre otros.<\/p>\n\n\n\n<p>Margarita Zavala acudi\u00f3 a Boca Del R\u00edo a la Reuni\u00f3n Plenaria de panistas.<\/p>\n\n\n\n<p>Advirti\u00f3 que el crimen organizado se extendi\u00f3 por el pa\u00eds por lo que se requiere fortalecer a las polic\u00edas estatales y municipales pero tambi\u00e9n garantizar transparencia en el Poder Judicial.&nbsp;<\/p>\n\n\n\n<blockquote class=\"wp-block-quote is-layout-flow wp-block-quote-is-layout-flow\"><p>\u201c<em>No es un asunto de mano dura sino de estado de derecho y de un presupuesto que fortalezca las instituciones de seguridad p\u00fablica. Queremos que los ciudadanos caminen en paz por las calles y un gobierno valiente<\/em>\u201d.<\/p><\/blockquote>\n\n\n\n<p>Reiter\u00f3 que los polic\u00edas deben garantizar la integridad de los ciudadanos no el Ej\u00e9rcito, pues una cosa es el uso del ej\u00e9rcito subsidiariamente y otra la militarizaci\u00f3n del pa\u00eds.&nbsp;<\/p>\n","protected":false},"excerpt":{"rendered":"<p>Jes\u00fas Utrilla \/ NV Noticias Falta garantizar estado de derecho y fortalecer a las polic\u00edas para reducir los \u00edndices de inseguridad, se\u00f1al\u00f3 la diputada federal del Partido Acci\u00f3n Nacional, Margarita Zavala. Dijo que los legisladores igual que los ciudadanos en general se encuentran preocupados por la inseguridad, Perl hay propuestas fundamentales como fortalecer a las [&hellip;]<\/p>\n","protected":false},"author":8,"featured_media":71202,"comment_status":"open","ping_status":"open","sticky":false,"template":"","format":"standard","meta":{"_monsterinsights_skip_tracking":false,"_monsterinsights_sitenote_active":false,"_monsterinsights_sitenote_note":"","_monsterinsights_sitenote_category":0,"footnotes":""},"categories":[158],"tags":[11736,1046,1087,162],"class_list":["post-71200","post","type-post","status-publish","format-standard","has-post-thumbnail","hentry","category-politica","tag-crimen-organizado","tag-margarita-zavala","tag-policias","tag-portada","wp-image-borders"],"amp_enabled":true,"_links":{"self":[{"href":"https:\/\/nvnoticias.mx\/index.php\/wp-json\/wp\/v2\/posts\/71200","targetHints":{"allow":["GET"]}}],"collection":[{"href":"https:\/\/nvnoticias.mx\/index.php\/wp-json\/wp\/v2\/posts"}],"about":[{"href":"https:\/\/nvnoticias.mx\/index.php\/wp-json\/wp\/v2\/types\/post"}],"author":[{"embeddable":true,"href":"https:\/\/nvnoticias.mx\/index.php\/wp-json\/wp\/v2\/users\/8"}],"replies":[{"embeddable":true,"href":"https:\/\/nvnoticias.mx\/index.php\/wp-json\/wp\/v2\/comments?post=71200"}],"version-history":[{"count":1,"href":"https:\/\/nvnoticias.mx\/index.php\/wp-json\/wp\/v2\/posts\/71200\/revisions"}],"predecessor-version":[{"id":71203,"href":"https:\/\/nvnoticias.mx\/index.php\/wp-json\/wp\/v2\/posts\/71200\/revisions\/71203"}],"wp:featuredmedia":[{"embeddable":true,"href":"https:\/\/nvnoticias.mx\/index.php\/wp-json\/wp\/v2\/media\/71202"}],"wp:attachment":[{"href":"https:\/\/nvnoticias.mx\/index.php\/wp-json\/wp\/v2\/media?parent=71200"}],"wp:term":[{"taxonomy":"category","embeddable":true,"href":"https:\/\/nvnoticias.mx\/index.php\/wp-json\/wp\/v2\/categories?post=71200"},{"taxonomy":"post_tag","embeddable":true,"href":"https:\/\/nvnoticias.mx\/index.php\/wp-json\/wp\/v2\/tags?post=71200"}],"curies":[{"name":"wp","href":"https:\/\/api.w.org\/{rel}","templated":true}]}}