{"id":71178,"date":"2022-08-24T16:22:59","date_gmt":"2022-08-24T21:22:59","guid":{"rendered":"https:\/\/nvnoticias.mx\/?p=71178"},"modified":"2022-08-24T18:01:19","modified_gmt":"2022-08-24T23:01:19","slug":"votaran-dictamen-para-eliminar-horario-de-verano-en-septiembre","status":"publish","type":"post","link":"https:\/\/nvnoticias.mx\/index.php\/2022\/08\/24\/votaran-dictamen-para-eliminar-horario-de-verano-en-septiembre\/","title":{"rendered":"Votaran dictamen para eliminar horario de verano en septiembre"},"content":{"rendered":"\n<p>La Comisi\u00f3n de Energ\u00eda de la C\u00e1mara de Diputados discutir\u00e1 y votar\u00e1 el pr\u00f3ximo 21 de septiembre el dictamen para eliminar el horario de verano, con la expectativa de someterlo a consideraci\u00f3n del pleno antes de finalizar ese mes. <\/p>\n\n\n\n<p>De acuerdo con el formato acordado para el an\u00e1lisis y dictamen de la iniciativa presidencial de la Ley de los Husos Horarios, la Junta Directiva atender\u00e1 las propuestas en la materia presentadas por legisladores de los diversos grupos parlamentarios. <\/p>\n\n\n\n<blockquote class=\"wp-block-quote is-layout-flow wp-block-quote-is-layout-flow\"><p>\u201c<em>La presidencia de la Comisi\u00f3n de Energ\u00eda se compromete a convocar a reuni\u00f3n ordinaria el d\u00eda mi\u00e9rcoles 21 de septiembre de 2022 para emitir dictamen<\/em>\u201d, se\u00f1ala el primer punto del acuerdo avalado este mi\u00e9rcoles. <\/p><\/blockquote>\n\n\n\n<p>En entrevista previa, el presidente de la comisi\u00f3n legislativa, Manuel Rodr\u00edguez, descart\u00f3 la convocatoria a un parlamento abierto para discutir con especialistas el proyecto de Ley de Husos Horarios, pues existe un respaldo popular y pr\u00e1cticamente unanimidad de los legisladores. <\/p>\n\n\n\n<p>El legislador de Morena precis\u00f3 que la excepci\u00f3n a la medida de eliminar el horario de verano ser\u00e1n los municipios colindantes con Estados Unidos. <\/p>\n\n\n\n<p>Confi\u00f3 por ello en que a finales de septiembre se apruebe el dictamen en la comisi\u00f3n y posteriormente en el pleno, con el voto pr\u00e1cticamente un\u00e1nime de los grupos parlamentarios, a fin de que pase entonces al Senado de la Rep\u00fablica. <\/p>\n\n\n\n<p>Fuente: <a href=\"https:\/\/www.milenio.com\/politica\/horario-verano-san-lazaro-votara-dictamen-septiembre\">Milenio<\/a><\/p>\n","protected":false},"excerpt":{"rendered":"<p>La Comisi\u00f3n de Energ\u00eda de la C\u00e1mara de Diputados discutir\u00e1 y votar\u00e1 el pr\u00f3ximo 21 de septiembre el dictamen para eliminar el horario de verano, con la expectativa de someterlo a consideraci\u00f3n del pleno antes de finalizar ese mes. De acuerdo con el formato acordado para el an\u00e1lisis y dictamen de la iniciativa presidencial de [&hellip;]<\/p>\n","protected":false},"author":8,"featured_media":57613,"comment_status":"open","ping_status":"open","sticky":false,"template":"","format":"standard","meta":{"_monsterinsights_skip_tracking":false,"_monsterinsights_sitenote_active":false,"_monsterinsights_sitenote_note":"","_monsterinsights_sitenote_category":0,"footnotes":""},"categories":[158],"tags":[6988,5431],"class_list":["post-71178","post","type-post","status-publish","format-standard","has-post-thumbnail","hentry","category-politica","tag-horario-de-verano","tag-septiembre","wp-image-borders"],"amp_enabled":true,"_links":{"self":[{"href":"https:\/\/nvnoticias.mx\/index.php\/wp-json\/wp\/v2\/posts\/71178","targetHints":{"allow":["GET"]}}],"collection":[{"href":"https:\/\/nvnoticias.mx\/index.php\/wp-json\/wp\/v2\/posts"}],"about":[{"href":"https:\/\/nvnoticias.mx\/index.php\/wp-json\/wp\/v2\/types\/post"}],"author":[{"embeddable":true,"href":"https:\/\/nvnoticias.mx\/index.php\/wp-json\/wp\/v2\/users\/8"}],"replies":[{"embeddable":true,"href":"https:\/\/nvnoticias.mx\/index.php\/wp-json\/wp\/v2\/comments?post=71178"}],"version-history":[{"count":1,"href":"https:\/\/nvnoticias.mx\/index.php\/wp-json\/wp\/v2\/posts\/71178\/revisions"}],"predecessor-version":[{"id":71179,"href":"https:\/\/nvnoticias.mx\/index.php\/wp-json\/wp\/v2\/posts\/71178\/revisions\/71179"}],"wp:featuredmedia":[{"embeddable":true,"href":"https:\/\/nvnoticias.mx\/index.php\/wp-json\/wp\/v2\/media\/57613"}],"wp:attachment":[{"href":"https:\/\/nvnoticias.mx\/index.php\/wp-json\/wp\/v2\/media?parent=71178"}],"wp:term":[{"taxonomy":"category","embeddable":true,"href":"https:\/\/nvnoticias.mx\/index.php\/wp-json\/wp\/v2\/categories?post=71178"},{"taxonomy":"post_tag","embeddable":true,"href":"https:\/\/nvnoticias.mx\/index.php\/wp-json\/wp\/v2\/tags?post=71178"}],"curies":[{"name":"wp","href":"https:\/\/api.w.org\/{rel}","templated":true}]}}