{"id":71168,"date":"2022-08-24T14:11:43","date_gmt":"2022-08-24T19:11:43","guid":{"rendered":"https:\/\/nvnoticias.mx\/?p=71168"},"modified":"2022-08-24T14:11:45","modified_gmt":"2022-08-24T19:11:45","slug":"me-descarto-para-elecciones-presidenciales-del-2024-alejandro-moreno","status":"publish","type":"post","link":"https:\/\/nvnoticias.mx\/index.php\/2022\/08\/24\/me-descarto-para-elecciones-presidenciales-del-2024-alejandro-moreno\/","title":{"rendered":"Me descarto para elecciones presidenciales del 2024: Alejandro Moreno"},"content":{"rendered":"\n<p>El dirigente nacional del Partido Revolucionario Institucional (PRI),\u00a0<strong>Alejandro Moreno<\/strong>, no teme pisar la c\u00e1rcel y tampoco le interesa ser el candidato presidencial de la<strong>\u00a0alianza Va por M\u00e9xico en 2024,<\/strong>\u00a0pero tiene la certeza de que su instituto pol\u00edtico recuperar\u00e1 territorios perdidos en los pr\u00f3ximos comicios federales y mantendr\u00e1 las gubernaturas del\u00a0<strong>Estado de M\u00e9xico y Coahuila en 2023.<\/strong><\/p>\n\n\n\n<p>El l\u00edder priista se\u00f1al\u00f3 que el tricolor reconquistar\u00e1 a su militancia y sumar\u00e1 a m\u00e1s adeptos a sus filas, gracias a un nuevo proyecto de gobierno de coalici\u00f3n a favor de todos los sectores de la poblaci\u00f3n.<\/p>\n\n\n\n<blockquote class=\"wp-block-quote is-layout-flow wp-block-quote-is-layout-flow\"><p>Yo<strong> soy el dirigente nacional del PRI<\/strong>. Yo estoy concentrado como presidente del partido.<\/p><\/blockquote>\n\n\n\n<p>Se\u00f1al\u00f3 que el Revolucionario Institucional est\u00e1 listo para recuperar las entidades perdidas y consider\u00f3 que, as\u00ed como Morena ha ganado estados, tambi\u00e9n los est\u00e1 perdiendo, como ocurri\u00f3 en la Ciudad de M\u00e9xico, y conf\u00eda en que este escenari<strong>o se replique en las pr\u00f3ximas elecciones federales.<\/strong><\/p>\n\n\n\n<blockquote class=\"wp-block-quote is-layout-flow wp-block-quote-is-layout-flow\"><p>Queremos recuperar todas las entidades, vamos a la elecci\u00f3n de todos, pero un gran paso va a ser el 23 y vamos a ganar Coahuila, el Estado de M\u00e9xico, y ese va a ser un gran mensaje, una gran fortaleza para ir a la elecci\u00f3n presidencial de 2024 y as\u00ed competir en las elecciones \u00bfC\u00f3mo lo vamos a hacer?<strong>\u00a0Con el mismo criterio, competitividad, suma, trabajo, propuesta<\/strong>, y, obviamente, la gente est\u00e1 decepcionada de haberle dado su voto y su confianza a Morena.<\/p><\/blockquote>\n\n\n\n<p>Sobre la solicitud de desafuero en su contra, asegur\u00f3 que no teme ir a prisi\u00f3n y que se mantendr\u00e1 de pie, pues conf\u00eda en que el sistema de justicia en M\u00e9xico le dar\u00e1 la raz\u00f3n.<\/p>\n\n\n\n<p>Fuente: <a href=\"https:\/\/heraldodemexico.com.mx\/nacional\/2022\/8\/24\/alejandro-alito-moreno-cardenas-no-temo-pisar-la-carcel-me-descarto-para-2024-433300.html\" data-type=\"URL\" data-id=\"https:\/\/heraldodemexico.com.mx\/nacional\/2022\/8\/24\/alejandro-alito-moreno-cardenas-no-temo-pisar-la-carcel-me-descarto-para-2024-433300.html\">El Heraldo de M\u00e9xico <\/a><\/p>\n","protected":false},"excerpt":{"rendered":"<p>El dirigente nacional del Partido Revolucionario Institucional (PRI),\u00a0Alejandro Moreno, no teme pisar la c\u00e1rcel y tampoco le interesa ser el candidato presidencial de la\u00a0alianza Va por M\u00e9xico en 2024,\u00a0pero tiene la certeza de que su instituto pol\u00edtico recuperar\u00e1 territorios perdidos en los pr\u00f3ximos comicios federales y mantendr\u00e1 las gubernaturas del\u00a0Estado de M\u00e9xico y Coahuila en [&hellip;]<\/p>\n","protected":false},"author":35,"featured_media":57025,"comment_status":"open","ping_status":"open","sticky":false,"template":"","format":"standard","meta":{"_monsterinsights_skip_tracking":false,"_monsterinsights_sitenote_active":false,"_monsterinsights_sitenote_note":"","_monsterinsights_sitenote_category":0,"footnotes":""},"categories":[158],"tags":[6413,7999,208],"class_list":["post-71168","post","type-post","status-publish","format-standard","has-post-thumbnail","hentry","category-politica","tag-alejandro-moreno","tag-elecciones-presidenciales","tag-pri","wp-image-borders"],"amp_enabled":true,"_links":{"self":[{"href":"https:\/\/nvnoticias.mx\/index.php\/wp-json\/wp\/v2\/posts\/71168","targetHints":{"allow":["GET"]}}],"collection":[{"href":"https:\/\/nvnoticias.mx\/index.php\/wp-json\/wp\/v2\/posts"}],"about":[{"href":"https:\/\/nvnoticias.mx\/index.php\/wp-json\/wp\/v2\/types\/post"}],"author":[{"embeddable":true,"href":"https:\/\/nvnoticias.mx\/index.php\/wp-json\/wp\/v2\/users\/35"}],"replies":[{"embeddable":true,"href":"https:\/\/nvnoticias.mx\/index.php\/wp-json\/wp\/v2\/comments?post=71168"}],"version-history":[{"count":1,"href":"https:\/\/nvnoticias.mx\/index.php\/wp-json\/wp\/v2\/posts\/71168\/revisions"}],"predecessor-version":[{"id":71169,"href":"https:\/\/nvnoticias.mx\/index.php\/wp-json\/wp\/v2\/posts\/71168\/revisions\/71169"}],"wp:featuredmedia":[{"embeddable":true,"href":"https:\/\/nvnoticias.mx\/index.php\/wp-json\/wp\/v2\/media\/57025"}],"wp:attachment":[{"href":"https:\/\/nvnoticias.mx\/index.php\/wp-json\/wp\/v2\/media?parent=71168"}],"wp:term":[{"taxonomy":"category","embeddable":true,"href":"https:\/\/nvnoticias.mx\/index.php\/wp-json\/wp\/v2\/categories?post=71168"},{"taxonomy":"post_tag","embeddable":true,"href":"https:\/\/nvnoticias.mx\/index.php\/wp-json\/wp\/v2\/tags?post=71168"}],"curies":[{"name":"wp","href":"https:\/\/api.w.org\/{rel}","templated":true}]}}