{"id":71107,"date":"2022-08-24T12:38:35","date_gmt":"2022-08-24T17:38:35","guid":{"rendered":"https:\/\/nvnoticias.mx\/?p=71107"},"modified":"2022-08-24T12:38:37","modified_gmt":"2022-08-24T17:38:37","slug":"exigen-justicia-por-obreros-fallecidos-en-2017","status":"publish","type":"post","link":"https:\/\/nvnoticias.mx\/index.php\/2022\/08\/24\/exigen-justicia-por-obreros-fallecidos-en-2017\/","title":{"rendered":"Exigen justicia por obreros fallecidos en 2017"},"content":{"rendered":"\n<p><strong>Jes\u00fas Utrilla \/ NV Noticias<\/strong><\/p>\n\n\n\n<p>Viudas y compa\u00f1eros de trabajo de los fallecidos de Tamsa en 2017, cuando hubo un enfrentamiento a fuera del edificio del sindicato, bloquearon por escasos minutos la avenida Fidel Vel\u00e1squez.<\/p>\n\n\n\n<p>Exigieron justicia, pues no est\u00e1n conformes con los resolutivos.<\/p>\n\n\n\n<p>La manifestaci\u00f3n se efectu\u00f3 en el carril norte a sur, sin embargo, es de destacar que dur\u00f3 menos de 10 minutos el bloqueo.<\/p>\n\n\n\n<p>Jos\u00e9 Manuel Garc\u00eda Garc\u00eda, vocero de los inconformes, pidi\u00f3 que una comitiva sea atendida por los jueces de Veracruz.<\/p>\n\n\n\n<blockquote class=\"wp-block-quote is-layout-flow wp-block-quote-is-layout-flow\"><p>\u201c<em>Est\u00e1n durmiendo el sue\u00f1o de los justos, no quieren tomar cartas en el asunto. Queremos que la presidenta del Tribunal de Justicia env\u00ede un delegado para que le diga al juez que reciba una comitiva, inmediatamente para que esa carpeta la actualice y se d\u00e9 la orden al secretario para que se suba al Tribunal. La carpeta tiene 15 d\u00edas aqu\u00ed y dicen que no ha llegado<\/em>\u201d.\u00a0<\/p><\/blockquote>\n\n\n\n<p>Acus\u00f3 que hubo m\u00e1s de 22 heridos con dos y tres impactos de bala y los presuntos responsables siguen libres.<\/p>\n\n\n\n<p>Incluso algunos tienen balas porque era riesgoso retirarlas. Uno qued\u00f3 inv\u00e1lido y hay otro a punto de perder la vista.<\/p>\n\n\n\n<p>Agreg\u00f3 que no hubo reparaci\u00f3n del da\u00f1o por lo que si no reciben respuesta favorable a su demanda endurecer\u00e1n sus movimientos.<\/p>\n","protected":false},"excerpt":{"rendered":"<p>Jes\u00fas Utrilla \/ NV Noticias Viudas y compa\u00f1eros de trabajo de los fallecidos de Tamsa en 2017, cuando hubo un enfrentamiento a fuera del edificio del sindicato, bloquearon por escasos minutos la avenida Fidel Vel\u00e1squez. Exigieron justicia, pues no est\u00e1n conformes con los resolutivos. La manifestaci\u00f3n se efectu\u00f3 en el carril norte a sur, sin [&hellip;]<\/p>\n","protected":false},"author":8,"featured_media":71108,"comment_status":"open","ping_status":"open","sticky":false,"template":"","format":"standard","meta":{"_monsterinsights_skip_tracking":false,"_monsterinsights_sitenote_active":false,"_monsterinsights_sitenote_note":"","_monsterinsights_sitenote_category":0,"footnotes":""},"categories":[154],"tags":[18638,1905,18637],"class_list":["post-71107","post","type-post","status-publish","format-standard","has-post-thumbnail","hentry","category-veracruz","tag-18638","tag-bloqueo","tag-obreros-fallecidos","wp-image-borders"],"amp_enabled":true,"_links":{"self":[{"href":"https:\/\/nvnoticias.mx\/index.php\/wp-json\/wp\/v2\/posts\/71107","targetHints":{"allow":["GET"]}}],"collection":[{"href":"https:\/\/nvnoticias.mx\/index.php\/wp-json\/wp\/v2\/posts"}],"about":[{"href":"https:\/\/nvnoticias.mx\/index.php\/wp-json\/wp\/v2\/types\/post"}],"author":[{"embeddable":true,"href":"https:\/\/nvnoticias.mx\/index.php\/wp-json\/wp\/v2\/users\/8"}],"replies":[{"embeddable":true,"href":"https:\/\/nvnoticias.mx\/index.php\/wp-json\/wp\/v2\/comments?post=71107"}],"version-history":[{"count":1,"href":"https:\/\/nvnoticias.mx\/index.php\/wp-json\/wp\/v2\/posts\/71107\/revisions"}],"predecessor-version":[{"id":71110,"href":"https:\/\/nvnoticias.mx\/index.php\/wp-json\/wp\/v2\/posts\/71107\/revisions\/71110"}],"wp:featuredmedia":[{"embeddable":true,"href":"https:\/\/nvnoticias.mx\/index.php\/wp-json\/wp\/v2\/media\/71108"}],"wp:attachment":[{"href":"https:\/\/nvnoticias.mx\/index.php\/wp-json\/wp\/v2\/media?parent=71107"}],"wp:term":[{"taxonomy":"category","embeddable":true,"href":"https:\/\/nvnoticias.mx\/index.php\/wp-json\/wp\/v2\/categories?post=71107"},{"taxonomy":"post_tag","embeddable":true,"href":"https:\/\/nvnoticias.mx\/index.php\/wp-json\/wp\/v2\/tags?post=71107"}],"curies":[{"name":"wp","href":"https:\/\/api.w.org\/{rel}","templated":true}]}}