{"id":71045,"date":"2022-08-24T09:25:49","date_gmt":"2022-08-24T14:25:49","guid":{"rendered":"https:\/\/nvnoticias.mx\/?p=71045"},"modified":"2022-08-24T11:23:14","modified_gmt":"2022-08-24T16:23:14","slug":"se-ubica-inflacion-en-8-62-en-la-primera-quincena-de-agosto","status":"publish","type":"post","link":"https:\/\/nvnoticias.mx\/index.php\/2022\/08\/24\/se-ubica-inflacion-en-8-62-en-la-primera-quincena-de-agosto\/","title":{"rendered":"Se ubica inflaci\u00f3n en 8.62% en la primera quincena de agosto"},"content":{"rendered":"\n<p><strong>Sam Ojeda | NV Noticias<\/strong> <\/p>\n\n\n\n<p>Xalapa.- El \u00cdndice Nacional de Precios al Consumidor (INPC) ajust\u00f3 en 8.62 por ciento la inflaci\u00f3n anual con corte al 15 de agosto de 2022.<\/p>\n\n\n\n<p>En pleno regreso a clases, el indicador advierte de un incremento en las tarifas de universidades y bachilleratos, de entre un 1% a casi 2 por ciento.<\/p>\n\n\n\n<p>La actualizaci\u00f3n del INPC estim\u00f3 en un 0.42 por ciento el incremento de precios durante la primera quincena de agosto, y comparativamente con un a\u00f1o antes, la inflaci\u00f3n anual alcanz\u00f3 el 5.58 por ciento y la quincenal un -0.02 por ciento.<\/p>\n\n\n\n<p>En cuanto a los b\u00e1sicos, la cebolla tuvo un incremento de 37.6 por ciento en la quincena; le sigue la papa con un 2.36 por ciento y la tortilla aument\u00f3 en un 1.56 por ciento.<\/p>\n\n\n\n<p>En cuanto a las escuelas, las Universidades alcanzaron 1.19 por ciento de incremento en sus costos y en las preparatorias, de un 1.97 por ciento.<\/p>\n\n\n\n<p>Cabe referir que el INPC situ\u00f3 a Coatzacoalcos entre las ciudades del pa\u00eds m\u00e1s caras, con un 0.81 por ciento de variaci\u00f3n de precios en la quincena.<\/p>\n\n\n\n<p>Mientras que el puerto de Veracruz ocup\u00f3 el octavo lugar de las ciudades baratas del INPC con una variaci\u00f3n quincenal de 0.21 por ciento y C\u00f3rdoba en el lugar n\u00famero 9 con una variaci\u00f3n de 0.23%<\/p>\n\n\n\n<p><\/p>\n\n\n\n<p><\/p>\n\n\n\n<p><\/p>\n\n\n\n<p><\/p>\n","protected":false},"excerpt":{"rendered":"<p>Sam Ojeda | NV Noticias Xalapa.- El \u00cdndice Nacional de Precios al Consumidor (INPC) ajust\u00f3 en 8.62 por ciento la inflaci\u00f3n anual con corte al 15 de agosto de 2022. En pleno regreso a clases, el indicador advierte de un incremento en las tarifas de universidades y bachilleratos, de entre un 1% a casi 2 [&hellip;]<\/p>\n","protected":false},"author":35,"featured_media":31865,"comment_status":"open","ping_status":"open","sticky":false,"template":"","format":"standard","meta":{"_monsterinsights_skip_tracking":false,"_monsterinsights_sitenote_active":false,"_monsterinsights_sitenote_note":"","_monsterinsights_sitenote_category":0,"footnotes":""},"categories":[156],"tags":[3509,2978,162,9731],"class_list":["post-71045","post","type-post","status-publish","format-standard","has-post-thumbnail","hentry","category-estado","tag-agosto","tag-inflacion","tag-portada","tag-quincena","wp-image-borders"],"amp_enabled":true,"_links":{"self":[{"href":"https:\/\/nvnoticias.mx\/index.php\/wp-json\/wp\/v2\/posts\/71045","targetHints":{"allow":["GET"]}}],"collection":[{"href":"https:\/\/nvnoticias.mx\/index.php\/wp-json\/wp\/v2\/posts"}],"about":[{"href":"https:\/\/nvnoticias.mx\/index.php\/wp-json\/wp\/v2\/types\/post"}],"author":[{"embeddable":true,"href":"https:\/\/nvnoticias.mx\/index.php\/wp-json\/wp\/v2\/users\/35"}],"replies":[{"embeddable":true,"href":"https:\/\/nvnoticias.mx\/index.php\/wp-json\/wp\/v2\/comments?post=71045"}],"version-history":[{"count":7,"href":"https:\/\/nvnoticias.mx\/index.php\/wp-json\/wp\/v2\/posts\/71045\/revisions"}],"predecessor-version":[{"id":71088,"href":"https:\/\/nvnoticias.mx\/index.php\/wp-json\/wp\/v2\/posts\/71045\/revisions\/71088"}],"wp:featuredmedia":[{"embeddable":true,"href":"https:\/\/nvnoticias.mx\/index.php\/wp-json\/wp\/v2\/media\/31865"}],"wp:attachment":[{"href":"https:\/\/nvnoticias.mx\/index.php\/wp-json\/wp\/v2\/media?parent=71045"}],"wp:term":[{"taxonomy":"category","embeddable":true,"href":"https:\/\/nvnoticias.mx\/index.php\/wp-json\/wp\/v2\/categories?post=71045"},{"taxonomy":"post_tag","embeddable":true,"href":"https:\/\/nvnoticias.mx\/index.php\/wp-json\/wp\/v2\/tags?post=71045"}],"curies":[{"name":"wp","href":"https:\/\/api.w.org\/{rel}","templated":true}]}}