{"id":71037,"date":"2022-08-23T18:15:35","date_gmt":"2022-08-23T23:15:35","guid":{"rendered":"https:\/\/nvnoticias.mx\/?p=71037"},"modified":"2022-08-23T18:17:01","modified_gmt":"2022-08-23T23:17:01","slug":"estratega-politico-de-gustavo-petro-se-une-a-equipo-de-sheinbaum","status":"publish","type":"post","link":"https:\/\/nvnoticias.mx\/index.php\/2022\/08\/23\/estratega-politico-de-gustavo-petro-se-une-a-equipo-de-sheinbaum\/","title":{"rendered":"Estratega pol\u00edtico de Gustavo Petro se une a equipo de Sheinbaum"},"content":{"rendered":"\n<p>La jefa de Gobierno, Claudia Sheinbaum, confirm\u00f3 que Antoni Guti\u00e9rrez- Rub\u00ed, estratega de la campa\u00f1a pol\u00edtica que llev\u00f3 a Gustavo Petro al poder en Colombia, se sumar\u00e1 a su equipo en comunicaci\u00f3n digital. <\/p>\n\n\n\n<p>Asegur\u00f3 que su colaboraci\u00f3n ser\u00e1 en algo \u201cmuy espec\u00edfico\u201d, pues no est\u00e1 en campa\u00f1a, y aclar\u00f3 que sus honorarios ser\u00e1n algo \u201cpeque\u00f1o\u201d. <\/p>\n\n\n\n<blockquote class=\"wp-block-quote is-layout-flow wp-block-quote-is-layout-flow\"><p>\u201c<em>Va a colaborar en algo muy especial en el gobierno de la ciudad porque ni estamos en campa\u00f1a ni estamos en ning\u00fan otro tema. Estuvimos buscando una persona que nos pueda ayudar a temas de asesor\u00eda en comunicaci\u00f3n digital y en realidad va a dar unos cursos y unas asesor\u00edas, y ya les compartimos despu\u00e9s. Es un monto muy peque\u00f1o con el que va a colaborar<\/em>\u201d, dijo en conferencia de prensa tras la celebraci\u00f3n del 148 aniversario de la Canaco. <\/p><\/blockquote>\n\n\n\n<p>El consultor pol\u00edtico oriundo de Barcelona es requerido habitualmente como experto en lo relacionado con la comunicaci\u00f3n de pol\u00edticos en redes sociales. <\/p>\n\n\n\n<blockquote class=\"wp-block-quote is-layout-flow wp-block-quote-is-layout-flow\"><p>\u201c<em>Va a estar ayudando desde lejos y con algunas personas que colaboran, es para un equipo y esencialmente comunicaci\u00f3n digital\u201d<\/em>, abund\u00f3 Sheinbaum. <\/p><\/blockquote>\n\n\n\n<p>Ayer, en su edici\u00f3n digital, el diario espa\u00f1ol El Pa\u00eds public\u00f3 que su incorporaci\u00f3n se concret\u00f3 despu\u00e9s de varias reuniones en la capital mexicana, en especial despu\u00e9s de la victoria del presidente Petro en Colombia. <\/p>\n\n\n\n<p>La integraci\u00f3n de Guti\u00e9rrez- Rub\u00ed se da en medio de la carrera presidencial por 2024, en la que Sheinbaum ha sido se\u00f1alada como una de las favoritas para contender por la Presidencia, frente a otras \u201ccorcholatas\u201d como el canciller, Marcelo Ebrard, y el secretario de Gobernaci\u00f3n, Ad\u00e1n Augusto L\u00f3pez. <\/p>\n\n\n\n<p>Guti\u00e9rrez-Rub\u00ed, de 62 a\u00f1os, es fundador y director de Ideograma, una consultor\u00eda con m\u00e1s de 35 a\u00f1os de experiencia y sede en su tierra natal, Barcelona, Espa\u00f1a. <\/p>\n\n\n\n<p>Seg\u00fan su curr\u00edculum, el estratega ha desarrollado con \u00e9xito campa\u00f1as para posicionar al presidente argentino, Alberto Fern\u00e1ndez, y a Cristina Fern\u00e1ndez de Kirchner, vicepresidenta de Argentina. <\/p>\n\n\n\n<p>Fuente: <a href=\"https:\/\/www.milenio.com\/politica\/sheinbaum-confirma-estratega-politico-gustavo-petro-asesoria\">Milenio<\/a><\/p>\n","protected":false},"excerpt":{"rendered":"<p>La jefa de Gobierno, Claudia Sheinbaum, confirm\u00f3 que Antoni Guti\u00e9rrez- Rub\u00ed, estratega de la campa\u00f1a pol\u00edtica que llev\u00f3 a Gustavo Petro al poder en Colombia, se sumar\u00e1 a su equipo en comunicaci\u00f3n digital. Asegur\u00f3 que su colaboraci\u00f3n ser\u00e1 en algo \u201cmuy espec\u00edfico\u201d, pues no est\u00e1 en campa\u00f1a, y aclar\u00f3 que sus honorarios ser\u00e1n algo \u201cpeque\u00f1o\u201d. [&hellip;]<\/p>\n","protected":false},"author":8,"featured_media":71038,"comment_status":"open","ping_status":"open","sticky":false,"template":"","format":"standard","meta":{"_monsterinsights_skip_tracking":false,"_monsterinsights_sitenote_active":false,"_monsterinsights_sitenote_note":"","_monsterinsights_sitenote_category":0,"footnotes":""},"categories":[158],"tags":[18623,2801,162],"class_list":["post-71037","post","type-post","status-publish","format-standard","has-post-thumbnail","hentry","category-politica","tag-antoni-gutierrez-rubi","tag-claudia-sheinbaum","tag-portada","wp-image-borders"],"amp_enabled":true,"_links":{"self":[{"href":"https:\/\/nvnoticias.mx\/index.php\/wp-json\/wp\/v2\/posts\/71037","targetHints":{"allow":["GET"]}}],"collection":[{"href":"https:\/\/nvnoticias.mx\/index.php\/wp-json\/wp\/v2\/posts"}],"about":[{"href":"https:\/\/nvnoticias.mx\/index.php\/wp-json\/wp\/v2\/types\/post"}],"author":[{"embeddable":true,"href":"https:\/\/nvnoticias.mx\/index.php\/wp-json\/wp\/v2\/users\/8"}],"replies":[{"embeddable":true,"href":"https:\/\/nvnoticias.mx\/index.php\/wp-json\/wp\/v2\/comments?post=71037"}],"version-history":[{"count":1,"href":"https:\/\/nvnoticias.mx\/index.php\/wp-json\/wp\/v2\/posts\/71037\/revisions"}],"predecessor-version":[{"id":71039,"href":"https:\/\/nvnoticias.mx\/index.php\/wp-json\/wp\/v2\/posts\/71037\/revisions\/71039"}],"wp:featuredmedia":[{"embeddable":true,"href":"https:\/\/nvnoticias.mx\/index.php\/wp-json\/wp\/v2\/media\/71038"}],"wp:attachment":[{"href":"https:\/\/nvnoticias.mx\/index.php\/wp-json\/wp\/v2\/media?parent=71037"}],"wp:term":[{"taxonomy":"category","embeddable":true,"href":"https:\/\/nvnoticias.mx\/index.php\/wp-json\/wp\/v2\/categories?post=71037"},{"taxonomy":"post_tag","embeddable":true,"href":"https:\/\/nvnoticias.mx\/index.php\/wp-json\/wp\/v2\/tags?post=71037"}],"curies":[{"name":"wp","href":"https:\/\/api.w.org\/{rel}","templated":true}]}}