{"id":71032,"date":"2022-08-23T17:48:54","date_gmt":"2022-08-23T22:48:54","guid":{"rendered":"https:\/\/nvnoticias.mx\/?p=71032"},"modified":"2022-08-23T17:48:56","modified_gmt":"2022-08-23T22:48:56","slug":"extradicion-de-tomas-zeron-por-caso-ayotzinapa-va-en-curso-ebrard","status":"publish","type":"post","link":"https:\/\/nvnoticias.mx\/index.php\/2022\/08\/23\/extradicion-de-tomas-zeron-por-caso-ayotzinapa-va-en-curso-ebrard\/","title":{"rendered":"Extradici\u00f3n de Tom\u00e1s Zer\u00f3n por caso Ayotzinapa \u2018va en curso\u2019: Ebrard"},"content":{"rendered":"\n<p>Avanza\u00a0la extradici\u00f3n de Tom\u00e1s Zer\u00f3n, exdirector de la Agencia de Investigaci\u00f3n Criminal (AIC) y\u00a0ahora pr\u00f3fugo de la justicia\u00a0por el caso Ayotzinapa, detall\u00f3 el secretario de Relaciones Exteriores, Marcelo Ebrard.<\/p>\n\n\n\n<blockquote class=\"wp-block-quote is-layout-flow wp-block-quote-is-layout-flow\"><p>&#8220;<em>En este momento\u00a0ya est\u00e1 integrado todo el expediente, ya la mayor parte de la informaci\u00f3n que solicit\u00f3 el gobierno de Israel, seg\u00fan nos inform\u00f3 la Fiscal\u00eda General de la Rep\u00fablica (FGR) ya se entreg\u00f3<\/em>\u201d, asegur\u00f3 el canciller este martes 23 de agosto.<\/p><\/blockquote>\n\n\n\n<p>Sin embargo, el secretario expuso que es \u201cmuy dif\u00edcil se\u00f1alar una fecha, pero ya depende del proceso de Israel\u201d.<\/p>\n\n\n\n<p>El exfuncionario est\u00e1 refugiado en Israel despu\u00e9s de haber sido acusado de haber cometido actos de tortura en la investigaci\u00f3n de los 43 estudiantes desaparecidos de Ayotzinapa.<\/p>\n\n\n\n<p>Tom\u00e1s Zer\u00f3n es se\u00f1alado de haber torturado a Felipe Rodr\u00edguez Salgado, \u2018El Cepillo\u2019,\u00a0presunto l\u00edder de Guerreros Unidos, grupo vinculado a la desaparici\u00f3n de los 43 normalistas, durante un interrogatorio videograbado en el que este aparece encapuchado y esposado.<\/p>\n\n\n\n<p>Con dicha tortura presuntamente se consiguieron las declaraciones que\u00a0dieron paso a la \u201cVerdad Hist\u00f3rica\u201d, misma con la que\u00a0el gobierno de Enrique Pe\u00f1a Nieto\u00a0dio respuesta a los padres de los 43 normalistas de Ayotzinapa\u00a0desaparecidos.<\/p>\n\n\n\n<p>Desde octubre de 2021 el presidente Andr\u00e9s Manuel L\u00f3pez Obrador hab\u00eda enviado una carta a Israel para solicitar que Zer\u00f3n fuera enviado a M\u00e9xico,\u00a0dicha petici\u00f3n fue aceptada dos meses m\u00e1s tarde\u00a0por el mandatario israel\u00ed Naftali Bennet.<\/p>\n\n\n\n<p>El subsecretario de Derechos Humanos, Alejandro Encinas, confirm\u00f3 que representantes del gobierno federal negociaron\u00a0la posibilidad de que Zer\u00f3n colaborara con las autoridades\u00a0para aclarar el caso Ayotzinapa bajo la figura del criterio de oportunidad. Sin embargo, el exfuncionario rechaz\u00f3 la propuesta.<\/p>\n\n\n\n<p>Encinas complement\u00f3 se\u00f1alando que\u00a0se esperan\u00a0m\u00e1s anuncios al respecto de la extradici\u00f3n de Tom\u00e1s Zer\u00f3nde parte de la Secretar\u00eda de Relaciones Exteriores (SRE), misma que est\u00e1 a cargo de Marcelo Ebrard, y la Fiscal\u00eda General de la Rep\u00fablica (FGR).<\/p>\n\n\n\n<p>Fuente: <a href=\"https:\/\/www.elfinanciero.com.mx\/nacional\/2022\/08\/23\/extradicion-de-tomas-zeron-por-caso-ayotzinapa-va-en-curso-ebrard\/\">El Financiero<\/a><\/p>\n","protected":false},"excerpt":{"rendered":"<p>Avanza\u00a0la extradici\u00f3n de Tom\u00e1s Zer\u00f3n, exdirector de la Agencia de Investigaci\u00f3n Criminal (AIC) y\u00a0ahora pr\u00f3fugo de la justicia\u00a0por el caso Ayotzinapa, detall\u00f3 el secretario de Relaciones Exteriores, Marcelo Ebrard. &#8220;En este momento\u00a0ya est\u00e1 integrado todo el expediente, ya la mayor parte de la informaci\u00f3n que solicit\u00f3 el gobierno de Israel, seg\u00fan nos inform\u00f3 la Fiscal\u00eda [&hellip;]<\/p>\n","protected":false},"author":8,"featured_media":19185,"comment_status":"open","ping_status":"open","sticky":false,"template":"","format":"standard","meta":{"_monsterinsights_skip_tracking":false,"_monsterinsights_sitenote_active":false,"_monsterinsights_sitenote_note":"","_monsterinsights_sitenote_category":0,"footnotes":""},"categories":[157],"tags":[850,1005,391,389],"class_list":["post-71032","post","type-post","status-publish","format-standard","has-post-thumbnail","hentry","category-nacional","tag-ayotzinapa","tag-extradicion","tag-marcelo-ebrard","tag-tomas-zeron","wp-image-borders"],"amp_enabled":true,"_links":{"self":[{"href":"https:\/\/nvnoticias.mx\/index.php\/wp-json\/wp\/v2\/posts\/71032","targetHints":{"allow":["GET"]}}],"collection":[{"href":"https:\/\/nvnoticias.mx\/index.php\/wp-json\/wp\/v2\/posts"}],"about":[{"href":"https:\/\/nvnoticias.mx\/index.php\/wp-json\/wp\/v2\/types\/post"}],"author":[{"embeddable":true,"href":"https:\/\/nvnoticias.mx\/index.php\/wp-json\/wp\/v2\/users\/8"}],"replies":[{"embeddable":true,"href":"https:\/\/nvnoticias.mx\/index.php\/wp-json\/wp\/v2\/comments?post=71032"}],"version-history":[{"count":1,"href":"https:\/\/nvnoticias.mx\/index.php\/wp-json\/wp\/v2\/posts\/71032\/revisions"}],"predecessor-version":[{"id":71033,"href":"https:\/\/nvnoticias.mx\/index.php\/wp-json\/wp\/v2\/posts\/71032\/revisions\/71033"}],"wp:featuredmedia":[{"embeddable":true,"href":"https:\/\/nvnoticias.mx\/index.php\/wp-json\/wp\/v2\/media\/19185"}],"wp:attachment":[{"href":"https:\/\/nvnoticias.mx\/index.php\/wp-json\/wp\/v2\/media?parent=71032"}],"wp:term":[{"taxonomy":"category","embeddable":true,"href":"https:\/\/nvnoticias.mx\/index.php\/wp-json\/wp\/v2\/categories?post=71032"},{"taxonomy":"post_tag","embeddable":true,"href":"https:\/\/nvnoticias.mx\/index.php\/wp-json\/wp\/v2\/tags?post=71032"}],"curies":[{"name":"wp","href":"https:\/\/api.w.org\/{rel}","templated":true}]}}