{"id":71012,"date":"2022-08-23T15:47:49","date_gmt":"2022-08-23T20:47:49","guid":{"rendered":"https:\/\/nvnoticias.mx\/?p=71012"},"modified":"2022-08-23T15:47:50","modified_gmt":"2022-08-23T20:47:50","slug":"revela-meghan-markle-que-en-2019-casi-pierde-a-su-hijo-archie-en-un-incendio","status":"publish","type":"post","link":"https:\/\/nvnoticias.mx\/index.php\/2022\/08\/23\/revela-meghan-markle-que-en-2019-casi-pierde-a-su-hijo-archie-en-un-incendio\/","title":{"rendered":"Revela Meghan Markle que en 2019 casi pierde a su hijo Archie en un incendio"},"content":{"rendered":"\n<p>La duquesa de Sussex,<strong>&nbsp;Meghan Markle<\/strong>, revel\u00f3 este martes en el estreno de su propio podcast para la plataforma Spotify, titulado &#8220;Archetypes&#8221;, que durante una visita oficial a Sud\u00e1frica en 2019 se produjo un&nbsp;<strong>incendio&nbsp;<\/strong>en la residencia donde se alojaban que pudo costarle la vida a su hijo Archie.&nbsp;<\/p>\n\n\n\n<p>La otrora actriz detall\u00f3 que volvi\u00f3 a la casa corriendo tras conocer la noticia y se encontr\u00f3 a la ni\u00f1era en un &#8220;mar de l\u00e1grimas&#8221;, que afortunadamente salv\u00f3 al peque\u00f1o, nacido el 6 de mayo de ese a\u00f1o.<br>\u00a0<\/p>\n\n\n\n<blockquote class=\"wp-block-quote is-layout-flow wp-block-quote-is-layout-flow\"><p>&#8220;Se supon\u00eda que iba a acostarlo para que tomara una siesta pero pens\u00f3 que se lo llevar\u00eda mientras preparaba un bocadillo. Entonces, el calentador de la habitaci\u00f3n infantil se incendi\u00f3&#8221;, detall\u00f3 Markle alabando el &#8220;instinto materno&#8221; de la cuidadora.\u00a0<br><\/p><\/blockquote>\n\n\n\n<p>La duquesa se sincer\u00f3 con la tenista estadounidense\u00a0<strong>Serena Williams<\/strong>, su primera invitada en este proyecto que diseccionar\u00e1 &#8220;los estereotipos que condicionan la vida de las mujeres&#8221;.\u00a0<\/p>\n\n\n\n<blockquote class=\"wp-block-quote is-layout-flow wp-block-quote-is-layout-flow\"><p>&#8220;Hablaremos sobre las palabras que usamos para referirnos a las mujeres, el lenguaje que educa a nuestras hijas y c\u00f3mo los medios de comunicaci\u00f3n nos reflejan&#8221;, afirma Markle durante el tr\u00e1iler de este podcast que contar\u00e1 con un nuevo cap\u00edtulo cada semana.\u00a0<\/p><\/blockquote>\n\n\n\n<p>Historiadores y expertos completar\u00e1n las conversaciones entre la duquesa de Sussex y mujeres con \u00e9xito procedentes de diferentes \u00e1mbitos para descubrir el origen de los\u00a0<strong>estereotipos femeninos<\/strong>\u00a0y c\u00f3mo &#8220;dan forma a las narrativas de nuestra cultura&#8221;.\u00a0<\/p>\n\n\n\n<p>Para &#8220;diseccionar y explorar estas etiquetas&#8221;, Markle eligi\u00f3 como primera asistente a Williams, quien hace apenas dos semanas anunci\u00f3 que se retirar\u00e1 de las pistas tras el Abierto de Estados Unidos, que se disputar\u00e1 en Nueva York entre el pr\u00f3ximo 29 de agosto y el 11 de septiembre.&nbsp;<\/p>\n\n\n\n<p>A lo largo de los 57 minutos que dura este primer episodio titulado &#8220;The Misconception of Ambition&#8221;, Markle y Williams reflexionan sobre el tratamiento hacia las mujeres cuando se las define como &#8220;ambiciosas&#8221; o sobre c\u00f3mo es ser madre estando bajo el ojo p\u00fablico.&nbsp;<\/p>\n\n\n\n<p>En el primer cap\u00edtulo incluso apareci\u00f3 el pr\u00edncipe Harry para saludar a la tenista despu\u00e9s de que la duquesa de Sussex exclamara &#8220;mira qui\u00e9n acaba de aparecer&#8221; de forma supuestamente espont\u00e1nea.&nbsp;<\/p>\n\n\n\n<p><strong>&#8220;Archetypes&#8221;\u00a0<\/strong>est\u00e1 producido por Gimlet Media, propiedad de Spotify, en colaboraci\u00f3n con Archewell Studio y con la propia Meghan Markle ejerciendo, entre otros, como productora ejecutiva.\u00a0<\/p>\n\n\n\n<p>El lanzamiento de este podcast llega casi dos a\u00f1os despu\u00e9s de que los duques de Sussex firmaran un acuerdo exclusivo con la conocida plataforma de audio que no hab\u00eda cristalizado en ninguna producci\u00f3n hasta la fecha.&nbsp;<\/p>\n\n\n\n<p>Markle lanzar\u00e1 el segundo episodio de la serie de doce cap\u00edtulos que compondr\u00e1n &#8220;Archetypes&#8221; la semana que viene, con la cantante Mariah Carey como protagonista de otra &#8220;conversaci\u00f3n sin censura&#8221;.\u00a0<\/p>\n\n\n\n<p>Fuente: <a href=\"https:\/\/www.eluniversal.com.mx\/mundo\/meghan-markle-revela-que-en-2019-casi-pierde-su-hijo-archie-en-un-incendio\" data-type=\"URL\" data-id=\"https:\/\/www.eluniversal.com.mx\/mundo\/meghan-markle-revela-que-en-2019-casi-pierde-su-hijo-archie-en-un-incendio\">El Universal<\/a><\/p>\n","protected":false},"excerpt":{"rendered":"<p>La duquesa de Sussex,&nbsp;Meghan Markle, revel\u00f3 este martes en el estreno de su propio podcast para la plataforma Spotify, titulado &#8220;Archetypes&#8221;, que durante una visita oficial a Sud\u00e1frica en 2019 se produjo un&nbsp;incendio&nbsp;en la residencia donde se alojaban que pudo costarle la vida a su hijo Archie.&nbsp; La otrora actriz detall\u00f3 que volvi\u00f3 a la [&hellip;]<\/p>\n","protected":false},"author":35,"featured_media":71013,"comment_status":"open","ping_status":"open","sticky":false,"template":"","format":"standard","meta":{"_monsterinsights_skip_tracking":false,"_monsterinsights_sitenote_active":false,"_monsterinsights_sitenote_note":"","_monsterinsights_sitenote_category":0,"footnotes":""},"categories":[576],"tags":[18617,9559,310,88,9973,8599],"class_list":["post-71012","post","type-post","status-publish","format-standard","has-post-thumbnail","hentry","category-ocio","tag-archie","tag-hijo","tag-incendio","tag-meghan-markle","tag-pierde","tag-revela","wp-image-borders"],"amp_enabled":true,"_links":{"self":[{"href":"https:\/\/nvnoticias.mx\/index.php\/wp-json\/wp\/v2\/posts\/71012","targetHints":{"allow":["GET"]}}],"collection":[{"href":"https:\/\/nvnoticias.mx\/index.php\/wp-json\/wp\/v2\/posts"}],"about":[{"href":"https:\/\/nvnoticias.mx\/index.php\/wp-json\/wp\/v2\/types\/post"}],"author":[{"embeddable":true,"href":"https:\/\/nvnoticias.mx\/index.php\/wp-json\/wp\/v2\/users\/35"}],"replies":[{"embeddable":true,"href":"https:\/\/nvnoticias.mx\/index.php\/wp-json\/wp\/v2\/comments?post=71012"}],"version-history":[{"count":1,"href":"https:\/\/nvnoticias.mx\/index.php\/wp-json\/wp\/v2\/posts\/71012\/revisions"}],"predecessor-version":[{"id":71014,"href":"https:\/\/nvnoticias.mx\/index.php\/wp-json\/wp\/v2\/posts\/71012\/revisions\/71014"}],"wp:featuredmedia":[{"embeddable":true,"href":"https:\/\/nvnoticias.mx\/index.php\/wp-json\/wp\/v2\/media\/71013"}],"wp:attachment":[{"href":"https:\/\/nvnoticias.mx\/index.php\/wp-json\/wp\/v2\/media?parent=71012"}],"wp:term":[{"taxonomy":"category","embeddable":true,"href":"https:\/\/nvnoticias.mx\/index.php\/wp-json\/wp\/v2\/categories?post=71012"},{"taxonomy":"post_tag","embeddable":true,"href":"https:\/\/nvnoticias.mx\/index.php\/wp-json\/wp\/v2\/tags?post=71012"}],"curies":[{"name":"wp","href":"https:\/\/api.w.org\/{rel}","templated":true}]}}