{"id":71007,"date":"2022-08-23T14:45:17","date_gmt":"2022-08-23T19:45:17","guid":{"rendered":"https:\/\/nvnoticias.mx\/?p=71007"},"modified":"2022-08-23T14:45:18","modified_gmt":"2022-08-23T19:45:18","slug":"formara-parte-astronauta-mexicano-de-la-primera-mision-espacial-latam","status":"publish","type":"post","link":"https:\/\/nvnoticias.mx\/index.php\/2022\/08\/23\/formara-parte-astronauta-mexicano-de-la-primera-mision-espacial-latam\/","title":{"rendered":"Formar\u00e1 parte astronauta mexicano de la primera misi\u00f3n espacial LATAM"},"content":{"rendered":"\n<p>El doctor en ciencias t\u00e9cnicas\u00a0<strong>Jos\u00e9 Alberto Ram\u00edrez Aguilar<\/strong>\u00a0ser\u00e1 el \u00fanico\u00a0<strong>astronauta mexicano<\/strong>\u00a0en formar parte de \u201c<strong>Latcosmos<\/strong>\u201d, programa espacial que llevar\u00e1 a Latinoam\u00e9rica en un\u00a0<strong>viaje suborbital<\/strong>, m\u00e1s all\u00e1 de 100 kil\u00f3metros por encima de la atm\u00f3sfera de la Tierra; comenz\u00f3 desarmando radios, completando sus estudios universitarios de la FES Cuautitl\u00e1n y siendo reconocido por el cosmonauta Alexei Leonov, el primer ruso en caminar en el espacio.<\/p>\n\n\n\n<p>Latcosmos, conocido tambi\u00e9n como el Plan de Desarrollo Espacial dise\u00f1ado para las Regiones de Am\u00e9rica Latina y el Caribe, est\u00e1 listo para lanzar la primera misi\u00f3n\u00a0latinoamericana de la historia y aunque todav\u00eda no tiene una fecha programada para efectuar su viaje suborbital, lo que es un hecho es que contar\u00e1 con la presencia de un astronauta mexicano, el doctor Jos\u00e9 Alberto Ram\u00edrez Aguilar, acad\u00e9mico de la Facultad de Ingenier\u00eda (FI) de la\u00a0<strong>UNAM<\/strong>.<\/p>\n\n\n\n<p>La tripulaci\u00f3n de Latcosmos emprender\u00e1 un vuelo suborbital, lo que quiere decir que abandonar\u00e1 la atm\u00f3sfera terrestre, alcanzando una distancia que supere los 100 kil\u00f3metros de altura. La misi\u00f3n ha sido denominada como \u201c<strong>ESAA-01 EX SOMINUS AD ASTRA<\/strong>\u201d, impulsada por Agencia Espacial Civil del Ecuador y liderada por el comandante ecuatoriano Ronnie Nader.<\/p>\n\n\n\n<p>Encendiendo los motores para realizar la primera misi\u00f3n latinoamericana, Ram\u00edrez Aguilar ya se encuentra en entrenamientos y manteni\u00e9ndose en forma, al mismo tiempo que colabora en la log\u00edstica del lanzamiento, ya que luego de que ESAA-01 EX SOMINUS AD ASTRA despegu\u00e9, el astronauta mexicano realizar\u00e1 experimentos a bordo de la nave, pero este objetivo no lo distrae tampoco de otro de sus prop\u00f3sitos; impulsar a las pr\u00f3ximas y pr\u00f3ximos ingenieros aeroespaciales de nuestro pa\u00eds.<\/p>\n\n\n\n<blockquote class=\"wp-block-quote is-layout-flow wp-block-quote-is-layout-flow\"><p>\u201cLa tripulaci\u00f3n de esta misi\u00f3n espacial trabaja d\u00eda a d\u00eda con el fin de inspirar a los j\u00f3venes de la regi\u00f3n para alcanzar las estrellas, es decir, que se den cuenta que tenemos capacidades reales y talento para unirnos al esfuerzo global de hacer exploraciones espaciales\u201d, se\u00f1al\u00f3 el doctor en ciencias de 51 a\u00f1os en un comunicado.<\/p><\/blockquote>\n\n\n\n<p>Ram\u00edrez Aguilar vislumbra un panorama alentador para la industria aeroespacial en M\u00e9xico, por ello se convirti\u00f3 en uno de los impulsores para que la UNAM crear\u00e1 la licenciatura en ingenier\u00eda espacial que, desde 2020, ha formado a las dos primeras generaciones de profesionales en la materia que, de acuerdo con el astronauta, abrir\u00e1n camino a la creaci\u00f3n de futuras exploraciones en otros planetas o el desarrollo de sistemas de control de telecomunicaciones, una de las \u00e1reas que prosperar\u00e1 en los pr\u00f3ximos a\u00f1os.<\/p>\n\n\n\n<p>En la actualidad \u2013expuso- son varias y varios egresados que colaboran en proyectos con la NASA o la Agencia Espacial Europea.<\/p>\n\n\n\n<p>Ram\u00edrez Aguilar considera importante alentar los sue\u00f1os de quienes se interesan por las exploraciones espaciales, al recordar que \u00e9l, desde muy joven, desarmaba radios para volverlos a armar. Posteriormente, en la preparatoria, se inscribi\u00f3 en un proyecto relacionado con el espacio y al alcanzar los estudios universitarios decidi\u00f3 prepararse como ingeniero en electr\u00f3nica en la FES Cuautitl\u00e1n.<\/p>\n\n\n\n<p>M\u00e1s tarde, llegar\u00eda su maestr\u00eda en Ciencias por el Centro de Investigaci\u00f3n Cient\u00edfica y de Educaci\u00f3n Superior de Ensenada, y el doctorado en Ciencias T\u00e9cnicas por el Instituto de Aviaci\u00f3n de Mosc\u00fa, \u00e9poca en la que conoci\u00f3 a Alexei Leonov, el primer cosmonauta ruso en caminar en el espacio.<\/p>\n\n\n\n<blockquote class=\"wp-block-quote is-layout-flow wp-block-quote-is-layout-flow\"><p>\u201cUna an\u00e9cdota que tengo es que cuando estaba estudiando mi doctorado en Rusia tuve la oportunidad de conocer al comandante coronel Alexei Leonov, primer hombre que camin\u00f3 en el espacio, y cuando le coment\u00e9 que era mexicano le entusiasm\u00f3 tanto que se detuvo a firmarme las fotograf\u00edas que llevaba y me dijo: \u2018Me da gusto que intentes trabajar en las cuestiones espaciales, sigue adelante y no permitas que nadie te diga que no se puede\u201d, record\u00f3 el doctor.<\/p><\/blockquote>\n\n\n\n<p>Fuente: <a href=\"https:\/\/www.eluniversal.com.mx\/ciencia-y-salud\/astronauta-mexicano-formara-parte-de-la-primera-mision-espacial-latinoamericana\" data-type=\"URL\" data-id=\"https:\/\/www.eluniversal.com.mx\/ciencia-y-salud\/astronauta-mexicano-formara-parte-de-la-primera-mision-espacial-latinoamericana\">El Universal<\/a><\/p>\n","protected":false},"excerpt":{"rendered":"<p>El doctor en ciencias t\u00e9cnicas\u00a0Jos\u00e9 Alberto Ram\u00edrez Aguilar\u00a0ser\u00e1 el \u00fanico\u00a0astronauta mexicano\u00a0en formar parte de \u201cLatcosmos\u201d, programa espacial que llevar\u00e1 a Latinoam\u00e9rica en un\u00a0viaje suborbital, m\u00e1s all\u00e1 de 100 kil\u00f3metros por encima de la atm\u00f3sfera de la Tierra; comenz\u00f3 desarmando radios, completando sus estudios universitarios de la FES Cuautitl\u00e1n y siendo reconocido por el cosmonauta Alexei [&hellip;]<\/p>\n","protected":false},"author":35,"featured_media":71008,"comment_status":"open","ping_status":"open","sticky":false,"template":"","format":"standard","meta":{"_monsterinsights_skip_tracking":false,"_monsterinsights_sitenote_active":false,"_monsterinsights_sitenote_note":"","_monsterinsights_sitenote_category":0,"footnotes":""},"categories":[576],"tags":[14241,18615,18613,3989,2597,18614],"class_list":["post-71007","post","type-post","status-publish","format-standard","has-post-thumbnail","hentry","category-ocio","tag-astronauta","tag-espacial","tag-formara","tag-latinoamerica","tag-mexicano","tag-primera-mision","wp-image-borders"],"amp_enabled":true,"_links":{"self":[{"href":"https:\/\/nvnoticias.mx\/index.php\/wp-json\/wp\/v2\/posts\/71007","targetHints":{"allow":["GET"]}}],"collection":[{"href":"https:\/\/nvnoticias.mx\/index.php\/wp-json\/wp\/v2\/posts"}],"about":[{"href":"https:\/\/nvnoticias.mx\/index.php\/wp-json\/wp\/v2\/types\/post"}],"author":[{"embeddable":true,"href":"https:\/\/nvnoticias.mx\/index.php\/wp-json\/wp\/v2\/users\/35"}],"replies":[{"embeddable":true,"href":"https:\/\/nvnoticias.mx\/index.php\/wp-json\/wp\/v2\/comments?post=71007"}],"version-history":[{"count":1,"href":"https:\/\/nvnoticias.mx\/index.php\/wp-json\/wp\/v2\/posts\/71007\/revisions"}],"predecessor-version":[{"id":71009,"href":"https:\/\/nvnoticias.mx\/index.php\/wp-json\/wp\/v2\/posts\/71007\/revisions\/71009"}],"wp:featuredmedia":[{"embeddable":true,"href":"https:\/\/nvnoticias.mx\/index.php\/wp-json\/wp\/v2\/media\/71008"}],"wp:attachment":[{"href":"https:\/\/nvnoticias.mx\/index.php\/wp-json\/wp\/v2\/media?parent=71007"}],"wp:term":[{"taxonomy":"category","embeddable":true,"href":"https:\/\/nvnoticias.mx\/index.php\/wp-json\/wp\/v2\/categories?post=71007"},{"taxonomy":"post_tag","embeddable":true,"href":"https:\/\/nvnoticias.mx\/index.php\/wp-json\/wp\/v2\/tags?post=71007"}],"curies":[{"name":"wp","href":"https:\/\/api.w.org\/{rel}","templated":true}]}}