{"id":70955,"date":"2022-08-23T12:13:25","date_gmt":"2022-08-23T17:13:25","guid":{"rendered":"https:\/\/nvnoticias.mx\/?p=70955"},"modified":"2022-08-23T12:23:41","modified_gmt":"2022-08-23T17:23:41","slug":"sebastian-jurado-no-seria-mas-el-portero-titular-de-cruz-azul","status":"publish","type":"post","link":"https:\/\/nvnoticias.mx\/index.php\/2022\/08\/23\/sebastian-jurado-no-seria-mas-el-portero-titular-de-cruz-azul\/","title":{"rendered":"Sebasti\u00e1n Jurado no ser\u00eda m\u00e1s el portero titular de Cruz Azul"},"content":{"rendered":"\n<p>Entre las muchas sanciones internas que se dar\u00e1n en el&nbsp;Cruz Azul&nbsp;por la goleada ante el Am\u00e9rica, una de las principales es que el guardameta&nbsp;Sebasti\u00e1n Jurado&nbsp;ya no ser\u00e1 el titular, al menos no en lo que resta del actual campeonato de Liga.<\/p>\n\n\n\n<p>El nuevo cuerpo t\u00e9cnico de La M\u00e1quina, integrado por Ra\u00fal Potro Guti\u00e9rrez y\u00a0\u00d3scar Conejo P\u00e9rez,\u00a0ha decidido que el chico ya no sea titular, m\u00e1s all\u00e1 de que no fue el \u00fanico culpable de la debacle vivida ante las \u00c1guilas.<\/p>\n\n\n\n<div class=\"wp-block-image\"><figure class=\"aligncenter is-resized\"><img loading=\"lazy\" decoding=\"async\" src=\"https:\/\/www.eluniversal.com.mx\/sites\/default\/files\/2022\/08\/23\/sebastian_jurado_no_sera_mas_portero_de_cruz_azul.jpg\" alt=\"Cruz Azul: Sebasti\u00e1n Jurado no ser\u00e1 m\u00e1s portero de La M\u00e1quina\" width=\"596\" height=\"367\"\/><\/figure><\/div>\n\n\n\n<p>Lo \u00fanico que les falta decidir es si el tambi\u00e9n joven&nbsp;Andr\u00e9s Gudi\u00f1o&nbsp;ser\u00e1 el encargado de custodiar el marco cementero o si le otorgar\u00e1n la confianza al experimentado Jos\u00e9 de Jes\u00fas Corona.<\/p>\n\n\n\n<p>Fuente: <a href=\"https:\/\/www.eluniversal.com.mx\/universal-deportes\/sebastian-jurado-no-sera-mas-portero-de-cruz-azul\">El Universal<\/a><\/p>\n","protected":false},"excerpt":{"rendered":"<p>Entre las muchas sanciones internas que se dar\u00e1n en el&nbsp;Cruz Azul&nbsp;por la goleada ante el Am\u00e9rica, una de las principales es que el guardameta&nbsp;Sebasti\u00e1n Jurado&nbsp;ya no ser\u00e1 el titular, al menos no en lo que resta del actual campeonato de Liga. El nuevo cuerpo t\u00e9cnico de La M\u00e1quina, integrado por Ra\u00fal Potro Guti\u00e9rrez y\u00a0\u00d3scar Conejo [&hellip;]<\/p>\n","protected":false},"author":8,"featured_media":70958,"comment_status":"open","ping_status":"open","sticky":false,"template":"","format":"standard","meta":{"_monsterinsights_skip_tracking":false,"_monsterinsights_sitenote_active":false,"_monsterinsights_sitenote_note":"","_monsterinsights_sitenote_category":0,"footnotes":""},"categories":[159],"tags":[361,10380,3960,8873],"class_list":["post-70955","post","type-post","status-publish","format-standard","has-post-thumbnail","hentry","category-deportes","tag-cruz-azul","tag-portero","tag-sebastian-jurado","tag-titular","wp-image-borders"],"amp_enabled":true,"_links":{"self":[{"href":"https:\/\/nvnoticias.mx\/index.php\/wp-json\/wp\/v2\/posts\/70955","targetHints":{"allow":["GET"]}}],"collection":[{"href":"https:\/\/nvnoticias.mx\/index.php\/wp-json\/wp\/v2\/posts"}],"about":[{"href":"https:\/\/nvnoticias.mx\/index.php\/wp-json\/wp\/v2\/types\/post"}],"author":[{"embeddable":true,"href":"https:\/\/nvnoticias.mx\/index.php\/wp-json\/wp\/v2\/users\/8"}],"replies":[{"embeddable":true,"href":"https:\/\/nvnoticias.mx\/index.php\/wp-json\/wp\/v2\/comments?post=70955"}],"version-history":[{"count":2,"href":"https:\/\/nvnoticias.mx\/index.php\/wp-json\/wp\/v2\/posts\/70955\/revisions"}],"predecessor-version":[{"id":70962,"href":"https:\/\/nvnoticias.mx\/index.php\/wp-json\/wp\/v2\/posts\/70955\/revisions\/70962"}],"wp:featuredmedia":[{"embeddable":true,"href":"https:\/\/nvnoticias.mx\/index.php\/wp-json\/wp\/v2\/media\/70958"}],"wp:attachment":[{"href":"https:\/\/nvnoticias.mx\/index.php\/wp-json\/wp\/v2\/media?parent=70955"}],"wp:term":[{"taxonomy":"category","embeddable":true,"href":"https:\/\/nvnoticias.mx\/index.php\/wp-json\/wp\/v2\/categories?post=70955"},{"taxonomy":"post_tag","embeddable":true,"href":"https:\/\/nvnoticias.mx\/index.php\/wp-json\/wp\/v2\/tags?post=70955"}],"curies":[{"name":"wp","href":"https:\/\/api.w.org\/{rel}","templated":true}]}}