{"id":70863,"date":"2022-08-22T14:39:05","date_gmt":"2022-08-22T19:39:05","guid":{"rendered":"https:\/\/nvnoticias.mx\/?p=70863"},"modified":"2022-08-22T14:39:06","modified_gmt":"2022-08-22T19:39:06","slug":"realizan-ceremonia-por-el-dia-del-bombero","status":"publish","type":"post","link":"https:\/\/nvnoticias.mx\/index.php\/2022\/08\/22\/realizan-ceremonia-por-el-dia-del-bombero\/","title":{"rendered":"Realizan ceremonia por el D\u00eda del Bombero"},"content":{"rendered":"\n<p><strong>Jes\u00fas Utrilla \/ NV Noticias<\/strong><\/p>\n\n\n\n<p>Se llev\u00f3 a cabo la ceremonia oficial por el D\u00eda del Bombero y el 149 aniversario de Bomberos de Veracruz.<\/p>\n\n\n\n<p>Alfonso Garc\u00eda Cardona, titular de Protecci\u00f3n Civil y Bomberos, destac\u00f3 que de enero a la fecha atendieron m\u00e1s de 3 mil 200 reportes, destacando casas en llamas, comercios en llamas, pastizales, fugas de gas, entre otros.<\/p>\n\n\n\n<p>Por su parte Protecci\u00f3n Civil atendi\u00f3 2 mil 441 solicitudes entre opiniones t\u00e9cnicas, inspecciones, llamadas de posibles riesgos, entre otros.<\/p>\n\n\n\n<p>Los guardavidas atendieron a 143 personas, la mayor\u00eda con situaciones no graves como picaduras de erizos o heridas menores en zonas de playas.<\/p>\n\n\n\n<p>Por su parte la alcaldesa Patricia Lobeira dijo que se destinaron m\u00e1s de 200 mil pesos en equipamiento para reforzar el trabajo que realizan los integrantes del cuerpo de auxilio.<\/p>\n\n\n\n<p>Se anunci\u00f3 que los elementos&nbsp;&nbsp;recibir\u00e1n, por este mes, un bono equivalente a su sueldo como parte de su d\u00eda.<\/p>\n\n\n\n<p>Se inform\u00f3 que Bomberos cuenta con 53 elementos, que se suman a 19 elementos de Protecci\u00f3n Civil y 17 guardavidas.<\/p>\n","protected":false},"excerpt":{"rendered":"<p>Jes\u00fas Utrilla \/ NV Noticias Se llev\u00f3 a cabo la ceremonia oficial por el D\u00eda del Bombero y el 149 aniversario de Bomberos de Veracruz. Alfonso Garc\u00eda Cardona, titular de Protecci\u00f3n Civil y Bomberos, destac\u00f3 que de enero a la fecha atendieron m\u00e1s de 3 mil 200 reportes, destacando casas en llamas, comercios en llamas, [&hellip;]<\/p>\n","protected":false},"author":8,"featured_media":70865,"comment_status":"open","ping_status":"open","sticky":false,"template":"","format":"standard","meta":{"_monsterinsights_skip_tracking":false,"_monsterinsights_sitenote_active":false,"_monsterinsights_sitenote_note":"","_monsterinsights_sitenote_category":0,"footnotes":""},"categories":[154],"tags":[4232,5756,180],"class_list":["post-70863","post","type-post","status-publish","format-standard","has-post-thumbnail","hentry","category-veracruz","tag-ceremonia","tag-dia-del-bombero","tag-veracruz","wp-image-borders"],"amp_enabled":true,"_links":{"self":[{"href":"https:\/\/nvnoticias.mx\/index.php\/wp-json\/wp\/v2\/posts\/70863","targetHints":{"allow":["GET"]}}],"collection":[{"href":"https:\/\/nvnoticias.mx\/index.php\/wp-json\/wp\/v2\/posts"}],"about":[{"href":"https:\/\/nvnoticias.mx\/index.php\/wp-json\/wp\/v2\/types\/post"}],"author":[{"embeddable":true,"href":"https:\/\/nvnoticias.mx\/index.php\/wp-json\/wp\/v2\/users\/8"}],"replies":[{"embeddable":true,"href":"https:\/\/nvnoticias.mx\/index.php\/wp-json\/wp\/v2\/comments?post=70863"}],"version-history":[{"count":1,"href":"https:\/\/nvnoticias.mx\/index.php\/wp-json\/wp\/v2\/posts\/70863\/revisions"}],"predecessor-version":[{"id":70866,"href":"https:\/\/nvnoticias.mx\/index.php\/wp-json\/wp\/v2\/posts\/70863\/revisions\/70866"}],"wp:featuredmedia":[{"embeddable":true,"href":"https:\/\/nvnoticias.mx\/index.php\/wp-json\/wp\/v2\/media\/70865"}],"wp:attachment":[{"href":"https:\/\/nvnoticias.mx\/index.php\/wp-json\/wp\/v2\/media?parent=70863"}],"wp:term":[{"taxonomy":"category","embeddable":true,"href":"https:\/\/nvnoticias.mx\/index.php\/wp-json\/wp\/v2\/categories?post=70863"},{"taxonomy":"post_tag","embeddable":true,"href":"https:\/\/nvnoticias.mx\/index.php\/wp-json\/wp\/v2\/tags?post=70863"}],"curies":[{"name":"wp","href":"https:\/\/api.w.org\/{rel}","templated":true}]}}