{"id":70859,"date":"2022-08-22T14:24:29","date_gmt":"2022-08-22T19:24:29","guid":{"rendered":"https:\/\/nvnoticias.mx\/?p=70859"},"modified":"2022-08-22T14:24:29","modified_gmt":"2022-08-22T19:24:29","slug":"ficha-sheinbaum-a-estratega-que-llevo-a-petro-a-la-presidencia-de-colombia","status":"publish","type":"post","link":"https:\/\/nvnoticias.mx\/index.php\/2022\/08\/22\/ficha-sheinbaum-a-estratega-que-llevo-a-petro-a-la-presidencia-de-colombia\/","title":{"rendered":"Ficha Sheinbaum a estratega que llev\u00f3 a Petro a la presidencia de Colombia"},"content":{"rendered":"\n<p>Claudia Sheinbaum incorpor\u00f3 a su equipo de comunicaci\u00f3n a\u00a0<strong>Antoni Guti\u00e9rrez-Rub\u00ed,<\/strong>\u00a0\u00a0analista y consultor que llev\u00f3 a Gustavo Petro a ganar las recientes elecciones de Colombia.\u00a0<\/p>\n\n\n\n<p>De acuerdo con informaci\u00f3n de El Pa\u00eds,&nbsp;<strong>Antoni Guti\u00e9rrez-Rub\u00ed<\/strong>&nbsp;trabajar\u00e1 en el \u00e1rea de comunicaci\u00f3n de la jefa de Gobierno de Ciudad de M\u00e9xico, luego de sostener varias reuniones en la Ciudad de M\u00e9xico.&nbsp;<\/p>\n\n\n\n<p>La<strong>\u00a0jefa de Gobierno de la Ciudad de M\u00e9xico<\/strong>, es una de las llamadas \u201ccorcholatas\u201d de Andr\u00e9s Manuel L\u00f3pez Obrador para ser candidata de Morena rumbo al 2024.\u00a0<\/p>\n\n\n\n<p>Ayer, Sheinbaum fue promovida en Canc\u00fan,&nbsp;Quintana Roo, en un acto que congreg\u00f3 a m\u00e1s de 600 maestros, empresarios, deportistas y representantes sindicales de esa entidad.<\/p>\n\n\n\n<p>En dicho evento record\u00f3 que en el pa\u00eds hay nueve gobernadoras por primera vez en la historia, por lo que reiter\u00f3 que las mujeres pueden ser astronautas, diputadas y hasta presidentas de la Rep\u00fablica.<\/p>\n\n\n\n<blockquote class=\"wp-block-quote is-layout-flow wp-block-quote-is-layout-flow\"><p>&#8220;Ahora somos nueve gobernadoras al mismo tiempo, en el 2018 en la historia de M\u00e9xico solo hab\u00eda habido 7 gobernadoras, hoy somos nueve al mismo tiempo, pero adem\u00e1s 7 son de nuestro movimiento porque si alguien ha defendido los derechos de las mujeres es nuestro movimiento&#8221;, a\u00f1adi\u00f3 que el\u00a0presidente Andr\u00e9s Manuel L\u00f3pez Obrador\u00a0ha sido el \u00fanico que ha tenido un gabinete partidario.<\/p><\/blockquote>\n\n\n\n<p>Fuente:<a href=\"https:\/\/www.eluniversal.com.mx\/metropoli\/sheinbaum-ficha-antoni-gutierrez-rubi-estratega-que-llevo-petro-la-presidencia-de-colombia\" data-type=\"URL\" data-id=\"https:\/\/www.eluniversal.com.mx\/metropoli\/sheinbaum-ficha-antoni-gutierrez-rubi-estratega-que-llevo-petro-la-presidencia-de-colombia\"> El Universal<\/a><\/p>\n","protected":false},"excerpt":{"rendered":"<p>Claudia Sheinbaum incorpor\u00f3 a su equipo de comunicaci\u00f3n a\u00a0Antoni Guti\u00e9rrez-Rub\u00ed,\u00a0\u00a0analista y consultor que llev\u00f3 a Gustavo Petro a ganar las recientes elecciones de Colombia.\u00a0 De acuerdo con informaci\u00f3n de El Pa\u00eds,&nbsp;Antoni Guti\u00e9rrez-Rub\u00ed&nbsp;trabajar\u00e1 en el \u00e1rea de comunicaci\u00f3n de la jefa de Gobierno de Ciudad de M\u00e9xico, luego de sostener varias reuniones en la Ciudad de [&hellip;]<\/p>\n","protected":false},"author":35,"featured_media":58875,"comment_status":"open","ping_status":"open","sticky":false,"template":"","format":"standard","meta":{"_monsterinsights_skip_tracking":false,"_monsterinsights_sitenote_active":false,"_monsterinsights_sitenote_note":"","_monsterinsights_sitenote_category":0,"footnotes":""},"categories":[158],"tags":[2801,207,18574,18575,1058],"class_list":["post-70859","post","type-post","status-publish","format-standard","has-post-thumbnail","hentry","category-politica","tag-claudia-sheinbaum","tag-colombia","tag-ficha","tag-petro","tag-presidencia","wp-image-borders"],"amp_enabled":true,"_links":{"self":[{"href":"https:\/\/nvnoticias.mx\/index.php\/wp-json\/wp\/v2\/posts\/70859","targetHints":{"allow":["GET"]}}],"collection":[{"href":"https:\/\/nvnoticias.mx\/index.php\/wp-json\/wp\/v2\/posts"}],"about":[{"href":"https:\/\/nvnoticias.mx\/index.php\/wp-json\/wp\/v2\/types\/post"}],"author":[{"embeddable":true,"href":"https:\/\/nvnoticias.mx\/index.php\/wp-json\/wp\/v2\/users\/35"}],"replies":[{"embeddable":true,"href":"https:\/\/nvnoticias.mx\/index.php\/wp-json\/wp\/v2\/comments?post=70859"}],"version-history":[{"count":1,"href":"https:\/\/nvnoticias.mx\/index.php\/wp-json\/wp\/v2\/posts\/70859\/revisions"}],"predecessor-version":[{"id":70860,"href":"https:\/\/nvnoticias.mx\/index.php\/wp-json\/wp\/v2\/posts\/70859\/revisions\/70860"}],"wp:featuredmedia":[{"embeddable":true,"href":"https:\/\/nvnoticias.mx\/index.php\/wp-json\/wp\/v2\/media\/58875"}],"wp:attachment":[{"href":"https:\/\/nvnoticias.mx\/index.php\/wp-json\/wp\/v2\/media?parent=70859"}],"wp:term":[{"taxonomy":"category","embeddable":true,"href":"https:\/\/nvnoticias.mx\/index.php\/wp-json\/wp\/v2\/categories?post=70859"},{"taxonomy":"post_tag","embeddable":true,"href":"https:\/\/nvnoticias.mx\/index.php\/wp-json\/wp\/v2\/tags?post=70859"}],"curies":[{"name":"wp","href":"https:\/\/api.w.org\/{rel}","templated":true}]}}