{"id":70816,"date":"2022-08-22T12:57:26","date_gmt":"2022-08-22T17:57:26","guid":{"rendered":"https:\/\/nvnoticias.mx\/?p=70816"},"modified":"2022-08-22T12:57:26","modified_gmt":"2022-08-22T17:57:26","slug":"el-grito-de-independencia-sera-nuevamente-presencial-en-veracruz","status":"publish","type":"post","link":"https:\/\/nvnoticias.mx\/index.php\/2022\/08\/22\/el-grito-de-independencia-sera-nuevamente-presencial-en-veracruz\/","title":{"rendered":"El Grito de Independencia ser\u00e1 nuevamente presencial en Veracruz"},"content":{"rendered":"\n<p><strong>Jes\u00fas Utrilla \/ NV Noticias<\/strong><\/p>\n\n\n\n<p>Los festejos del Grito de Independencia ser\u00e1n nuevamente presenciales en el municipio de Veracruz y en breve se dar\u00e1 a conocer la cartelera art\u00edstica, se\u00f1al\u00f3 la alcaldesa Patricia Lobeira Rodr\u00edguez.<\/p>\n\n\n\n<p>Record\u00f3 que la ceremonia durante dos a\u00f1os no pudo efectuarse de la manera tradicional, debido a la emergencia sanitaria del COVID, sin embargo, durante septiembre de este a\u00f1o s\u00ed habr\u00e1 fiesta en el Z\u00f3calo de la ciudad de Veracruz.<\/p>\n\n\n\n<blockquote class=\"wp-block-quote is-layout-flow wp-block-quote-is-layout-flow\"><p>\u201c<em>En unos d\u00edas vamos a estar anunciando que vamos a hacer. Lo que s\u00ed quiero anunciar es que va a ser una ceremonia presencial lo que es importante porque llevamos dos a\u00f1os sin hacerlo as\u00ed. Queremos honrar a nuestra bandera y a nuestra patria y lo haremos de manera presencial<\/em>\u201d.<\/p><\/blockquote>\n\n\n\n<p>Por otro lado se\u00f1al\u00f3 que el ayuntamiento de Veracruz realizar\u00e1 actividades para mejorar la infraestructura de la ciudad.<\/p>\n\n\n\n<p>La presidenta municipal acudi\u00f3 a la ceremonia conmemorativa del 149 Aniversario del Cuerpo de Bomberos de Veracruz.<\/p>\n\n\n\n<p>Se destinaron m\u00e1s de 200 mil pesos en equipamiento y desde que inici\u00f3 la administraci\u00f3n se brindaron m\u00e1s de 400 mil pesos.<\/p>\n\n\n\n<p>Se anunci\u00f3 que los elementos\u00a0 recibir\u00e1n por este mes un bono equivalente a su sueldo como parte de su d\u00eda.<\/p>\n\n\n\n<p>Adem\u00e1s se destac\u00f3 que han atendido m\u00e1s de 3 mil 200 reportes en lo que va del a\u00f1o.<\/p>\n","protected":false},"excerpt":{"rendered":"<p>Jes\u00fas Utrilla \/ NV Noticias Los festejos del Grito de Independencia ser\u00e1n nuevamente presenciales en el municipio de Veracruz y en breve se dar\u00e1 a conocer la cartelera art\u00edstica, se\u00f1al\u00f3 la alcaldesa Patricia Lobeira Rodr\u00edguez. Record\u00f3 que la ceremonia durante dos a\u00f1os no pudo efectuarse de la manera tradicional, debido a la emergencia sanitaria del [&hellip;]<\/p>\n","protected":false},"author":8,"featured_media":24604,"comment_status":"open","ping_status":"open","sticky":false,"template":"","format":"standard","meta":{"_monsterinsights_skip_tracking":false,"_monsterinsights_sitenote_active":false,"_monsterinsights_sitenote_note":"","_monsterinsights_sitenote_category":0,"footnotes":""},"categories":[154],"tags":[5848,18565,180],"class_list":["post-70816","post","type-post","status-publish","format-standard","has-post-thumbnail","hentry","category-veracruz","tag-grito-de-independencia","tag-presencial","tag-veracruz","wp-image-borders"],"amp_enabled":true,"_links":{"self":[{"href":"https:\/\/nvnoticias.mx\/index.php\/wp-json\/wp\/v2\/posts\/70816","targetHints":{"allow":["GET"]}}],"collection":[{"href":"https:\/\/nvnoticias.mx\/index.php\/wp-json\/wp\/v2\/posts"}],"about":[{"href":"https:\/\/nvnoticias.mx\/index.php\/wp-json\/wp\/v2\/types\/post"}],"author":[{"embeddable":true,"href":"https:\/\/nvnoticias.mx\/index.php\/wp-json\/wp\/v2\/users\/8"}],"replies":[{"embeddable":true,"href":"https:\/\/nvnoticias.mx\/index.php\/wp-json\/wp\/v2\/comments?post=70816"}],"version-history":[{"count":1,"href":"https:\/\/nvnoticias.mx\/index.php\/wp-json\/wp\/v2\/posts\/70816\/revisions"}],"predecessor-version":[{"id":70817,"href":"https:\/\/nvnoticias.mx\/index.php\/wp-json\/wp\/v2\/posts\/70816\/revisions\/70817"}],"wp:featuredmedia":[{"embeddable":true,"href":"https:\/\/nvnoticias.mx\/index.php\/wp-json\/wp\/v2\/media\/24604"}],"wp:attachment":[{"href":"https:\/\/nvnoticias.mx\/index.php\/wp-json\/wp\/v2\/media?parent=70816"}],"wp:term":[{"taxonomy":"category","embeddable":true,"href":"https:\/\/nvnoticias.mx\/index.php\/wp-json\/wp\/v2\/categories?post=70816"},{"taxonomy":"post_tag","embeddable":true,"href":"https:\/\/nvnoticias.mx\/index.php\/wp-json\/wp\/v2\/tags?post=70816"}],"curies":[{"name":"wp","href":"https:\/\/api.w.org\/{rel}","templated":true}]}}