{"id":7081,"date":"2021-03-09T11:22:18","date_gmt":"2021-03-09T17:22:18","guid":{"rendered":"https:\/\/nvnoticias.mx\/?p=7081"},"modified":"2021-03-09T11:22:19","modified_gmt":"2021-03-09T17:22:19","slug":"bajo-la-lluvia-adultos-mayores-acuden-a-vacunarse","status":"publish","type":"post","link":"https:\/\/nvnoticias.mx\/index.php\/2021\/03\/09\/bajo-la-lluvia-adultos-mayores-acuden-a-vacunarse\/","title":{"rendered":"Bajo la lluvia, adultos mayores acuden a vacunarse contra el covid"},"content":{"rendered":"\n<p><strong>Jes\u00fas Utrilla \/ NV Noticias<\/strong><\/p>\n\n\n\n<p>Veracruz. &#8211; Los adultos mayores del municipio de Veracruz acudieron desde tempranas horas del martes e incluso en algunos casos desde la tarde del lunes a formarse afuera del m\u00f3dulo que les corresponde para aplicarse la vacuna anti Covid-19.<\/p>\n\n\n\n<p>El m\u00f3dulo que se ubica en el Instituto Tecnol\u00f3gico de Veracruz no report\u00f3 aglomeraci\u00f3n de personas, no as\u00ed el del Auditorio Benito Ju\u00e1rez y el Club de Leones en donde incluso los abuelitos y\/o sus familiares estuvieron desde ayer lunes formados para alcanzar el biol\u00f3gico.<\/p>\n\n\n\n<p>El DIF de Matamoros tambi\u00e9n reporta una fila importante, sin embargo, las personas reconocen que avanzan r\u00e1pidamente.<\/p>\n\n\n\n<div class=\"wp-block-image\"><figure class=\"alignleft size-large is-resized\"><img loading=\"lazy\" decoding=\"async\" src=\"https:\/\/nvnoticias.mx\/wp-content\/uploads\/2021\/03\/8bac1e5e-f833-401b-a4df-d84a14223349.jpg\" alt=\"\" class=\"wp-image-7082\" width=\"199\" height=\"208\" srcset=\"https:\/\/nvnoticias.mx\/wp-content\/uploads\/2021\/03\/8bac1e5e-f833-401b-a4df-d84a14223349.jpg 582w, https:\/\/nvnoticias.mx\/wp-content\/uploads\/2021\/03\/8bac1e5e-f833-401b-a4df-d84a14223349-288x300.jpg 288w\" sizes=\"auto, (max-width: 199px) 100vw, 199px\" \/><\/figure><\/div>\n\n\n\n<p>El se\u00f1or Nahim de la Oz llev\u00f3 a vacunar a su mam\u00e1. Reconoci\u00f3 que a ella le dio desconfianza acudir a inyectarse, sin embargo, fue convencida por su m\u00e9dico familiar.<\/p>\n\n\n\n<p>Dijo que en su familia no ha habido casos de coronavirus, sin embargo, por la desinformaci\u00f3n de Internet se rehusaba a vacunarse.<\/p>\n\n\n\n<p>Otros abuelitos manifestaron que ingresaron al m\u00f3dulo despu\u00e9s de haber estado formados cerca de dos horas, los vacunaron en el brazo, estuvieron bajo observaci\u00f3n durante media hora y se fueron con recomendaciones a su casa.<\/p>\n\n\n\n<p>Entre ellas el monitorear su temperatura constantemente y acudir al m\u00e9dico en caso de alg\u00fan malestar.<\/p>\n\n\n\n<p>En los adultos mayores les informaron que en aproximadamente un mes tendr\u00e1n que volver a acudir para aplicarse la segunda dosis.<\/p>\n\n\n\n<p>Cabe mencionar que durante el d\u00eda de inicio de la vacunaci\u00f3n hubo lluvia en el municipio de Veracruz y los adultos mayores tuvieron que ocupar cartones, pl\u00e1sticos y lo que tuvieron a la mano para cubrirse sobre todo aquellos que llegaron desde tempranas horas.<\/p>\n","protected":false},"excerpt":{"rendered":"<p>Jes\u00fas Utrilla \/ NV Noticias Veracruz. &#8211; Los adultos mayores del municipio de Veracruz acudieron desde tempranas horas del martes e incluso en algunos casos desde la tarde del lunes a formarse afuera del m\u00f3dulo que les corresponde para aplicarse la vacuna anti Covid-19. El m\u00f3dulo que se ubica en el Instituto Tecnol\u00f3gico de Veracruz [&hellip;]<\/p>\n","protected":false},"author":6,"featured_media":7084,"comment_status":"open","ping_status":"open","sticky":false,"template":"","format":"standard","meta":{"_monsterinsights_skip_tracking":false,"_monsterinsights_sitenote_active":false,"_monsterinsights_sitenote_note":"","_monsterinsights_sitenote_category":0,"footnotes":""},"categories":[154],"tags":[1390,175,162,809],"class_list":["post-7081","post","type-post","status-publish","format-standard","has-post-thumbnail","hentry","category-veracruz","tag-adultos-mayores","tag-covid-19","tag-portada","tag-vacunacion","wp-image-borders"],"amp_enabled":true,"_links":{"self":[{"href":"https:\/\/nvnoticias.mx\/index.php\/wp-json\/wp\/v2\/posts\/7081","targetHints":{"allow":["GET"]}}],"collection":[{"href":"https:\/\/nvnoticias.mx\/index.php\/wp-json\/wp\/v2\/posts"}],"about":[{"href":"https:\/\/nvnoticias.mx\/index.php\/wp-json\/wp\/v2\/types\/post"}],"author":[{"embeddable":true,"href":"https:\/\/nvnoticias.mx\/index.php\/wp-json\/wp\/v2\/users\/6"}],"replies":[{"embeddable":true,"href":"https:\/\/nvnoticias.mx\/index.php\/wp-json\/wp\/v2\/comments?post=7081"}],"version-history":[{"count":1,"href":"https:\/\/nvnoticias.mx\/index.php\/wp-json\/wp\/v2\/posts\/7081\/revisions"}],"predecessor-version":[{"id":7085,"href":"https:\/\/nvnoticias.mx\/index.php\/wp-json\/wp\/v2\/posts\/7081\/revisions\/7085"}],"wp:featuredmedia":[{"embeddable":true,"href":"https:\/\/nvnoticias.mx\/index.php\/wp-json\/wp\/v2\/media\/7084"}],"wp:attachment":[{"href":"https:\/\/nvnoticias.mx\/index.php\/wp-json\/wp\/v2\/media?parent=7081"}],"wp:term":[{"taxonomy":"category","embeddable":true,"href":"https:\/\/nvnoticias.mx\/index.php\/wp-json\/wp\/v2\/categories?post=7081"},{"taxonomy":"post_tag","embeddable":true,"href":"https:\/\/nvnoticias.mx\/index.php\/wp-json\/wp\/v2\/tags?post=7081"}],"curies":[{"name":"wp","href":"https:\/\/api.w.org\/{rel}","templated":true}]}}