{"id":70795,"date":"2022-08-22T12:11:23","date_gmt":"2022-08-22T17:11:23","guid":{"rendered":"https:\/\/nvnoticias.mx\/?p=70795"},"modified":"2022-08-22T12:11:24","modified_gmt":"2022-08-22T17:11:24","slug":"anuncia-amlo-demanda-contra-la-onu-por-no-entregar-vacunas-covax","status":"publish","type":"post","link":"https:\/\/nvnoticias.mx\/index.php\/2022\/08\/22\/anuncia-amlo-demanda-contra-la-onu-por-no-entregar-vacunas-covax\/","title":{"rendered":"Anuncia AMLO demanda contra la ONU por no entregar vacunas Covax"},"content":{"rendered":"\n<p>El presidente&nbsp;<strong>Andr\u00e9s Manuel L\u00f3pez Obrador<\/strong>&nbsp;anunci\u00f3 que su gobierno presentar\u00e1 una demanda contra el mecanismo&nbsp;<strong>Covax<\/strong>, de la Organizaci\u00f3n de las Naciones Unidas (<strong>ONU<\/strong>), porque les deben 75 millones de d\u00f3lares en vacunas contra Covid-19 que no han sido entregadas.<\/p>\n\n\n\n<blockquote class=\"wp-block-quote is-layout-flow wp-block-quote-is-layout-flow\"><p>&#8220;\u00a1Ya es el colmo!&#8221;, expres\u00f3 L\u00f3pez Obrador en su conferencia<strong>&nbsp;ma\u00f1anera de este lunes<\/strong>&nbsp;en Palacio Nacional.<\/p><\/blockquote>\n\n\n\n<blockquote class=\"wp-block-quote is-layout-flow wp-block-quote-is-layout-flow\"><p>&#8220;Imag\u00ednense, darles dinero adelantado por las vacunas, ya creo que se va a cumplir un a\u00f1o y hemos estado buscando un acuerdo, siendo tolerantes porque se trata de un organismo internacional, pero no somos encubridores&#8221;, manifest\u00f3.<\/p><\/blockquote>\n\n\n\n<p>El presidente L\u00f3pez Obrador tambi\u00e9n insisti\u00f3 en que se deben renovar estos organismos internacionales.<\/p>\n\n\n\n<p>Fuente: <a href=\"https:\/\/www.eluniversal.com.mx\/nacion\/amlo-anuncia-demanda-contra-la-onu-por-no-entregar-vacunas-covax-ya-es-el-colmo\" data-type=\"URL\" data-id=\"https:\/\/www.eluniversal.com.mx\/nacion\/amlo-anuncia-demanda-contra-la-onu-por-no-entregar-vacunas-covax-ya-es-el-colmo\">El universal<\/a><\/p>\n","protected":false},"excerpt":{"rendered":"<p>El presidente&nbsp;Andr\u00e9s Manuel L\u00f3pez Obrador&nbsp;anunci\u00f3 que su gobierno presentar\u00e1 una demanda contra el mecanismo&nbsp;Covax, de la Organizaci\u00f3n de las Naciones Unidas (ONU), porque les deben 75 millones de d\u00f3lares en vacunas contra Covid-19 que no han sido entregadas. &#8220;\u00a1Ya es el colmo!&#8221;, expres\u00f3 L\u00f3pez Obrador en su conferencia&nbsp;ma\u00f1anera de este lunes&nbsp;en Palacio Nacional. &#8220;Imag\u00ednense, darles [&hellip;]<\/p>\n","protected":false},"author":35,"featured_media":60062,"comment_status":"open","ping_status":"open","sticky":false,"template":"","format":"standard","meta":{"_monsterinsights_skip_tracking":false,"_monsterinsights_sitenote_active":false,"_monsterinsights_sitenote_note":"","_monsterinsights_sitenote_category":0,"footnotes":""},"categories":[157],"tags":[188,7791,5459,7054,701,513,162,403],"class_list":["post-70795","post","type-post","status-publish","format-standard","has-post-thumbnail","hentry","category-nacional","tag-amlo","tag-anuncia","tag-contra","tag-covax","tag-demanda","tag-onu","tag-portada","tag-vacunas","wp-image-borders"],"amp_enabled":true,"_links":{"self":[{"href":"https:\/\/nvnoticias.mx\/index.php\/wp-json\/wp\/v2\/posts\/70795","targetHints":{"allow":["GET"]}}],"collection":[{"href":"https:\/\/nvnoticias.mx\/index.php\/wp-json\/wp\/v2\/posts"}],"about":[{"href":"https:\/\/nvnoticias.mx\/index.php\/wp-json\/wp\/v2\/types\/post"}],"author":[{"embeddable":true,"href":"https:\/\/nvnoticias.mx\/index.php\/wp-json\/wp\/v2\/users\/35"}],"replies":[{"embeddable":true,"href":"https:\/\/nvnoticias.mx\/index.php\/wp-json\/wp\/v2\/comments?post=70795"}],"version-history":[{"count":4,"href":"https:\/\/nvnoticias.mx\/index.php\/wp-json\/wp\/v2\/posts\/70795\/revisions"}],"predecessor-version":[{"id":70800,"href":"https:\/\/nvnoticias.mx\/index.php\/wp-json\/wp\/v2\/posts\/70795\/revisions\/70800"}],"wp:featuredmedia":[{"embeddable":true,"href":"https:\/\/nvnoticias.mx\/index.php\/wp-json\/wp\/v2\/media\/60062"}],"wp:attachment":[{"href":"https:\/\/nvnoticias.mx\/index.php\/wp-json\/wp\/v2\/media?parent=70795"}],"wp:term":[{"taxonomy":"category","embeddable":true,"href":"https:\/\/nvnoticias.mx\/index.php\/wp-json\/wp\/v2\/categories?post=70795"},{"taxonomy":"post_tag","embeddable":true,"href":"https:\/\/nvnoticias.mx\/index.php\/wp-json\/wp\/v2\/tags?post=70795"}],"curies":[{"name":"wp","href":"https:\/\/api.w.org\/{rel}","templated":true}]}}