{"id":70718,"date":"2022-08-21T17:08:21","date_gmt":"2022-08-21T22:08:21","guid":{"rendered":"https:\/\/nvnoticias.mx\/?p=70718"},"modified":"2022-08-21T17:08:46","modified_gmt":"2022-08-21T22:08:46","slug":"ella-estaba-tirando-el-dinero-yo-estaba-para-recogerlo-ladron-de-joyas-de-kim-kardashian","status":"publish","type":"post","link":"https:\/\/nvnoticias.mx\/index.php\/2022\/08\/21\/ella-estaba-tirando-el-dinero-yo-estaba-para-recogerlo-ladron-de-joyas-de-kim-kardashian\/","title":{"rendered":"Ella estaba tirando el dinero, yo estaba para recogerlo: Ladr\u00f3n de joyas de Kim Kardashian"},"content":{"rendered":"\n<p>Hace seis a\u00f1os,&nbsp;<strong>Kim Kardashian<\/strong>&nbsp;fue atada y amordazada en una habitaci\u00f3n de hotel en&nbsp;<strong>Par\u00eds<\/strong>, por un grupo criminal denominado como \u201clos abuelos ladrones\u201d que hurt\u00f3 10 millones de d\u00f3lares en joyas de la empresaria, incluido su anillo de bodas. Ahora, uno de los perpetradores profundiz\u00f3 en los detalles del robo, asegurando que no se siente culpable, ya que la celebridad presum\u00eda de una opulencia que a otras personas les puede parecer provocativa.<\/p>\n\n\n\n<p><strong>Yunis Abbas<\/strong>, que estuvo en prisi\u00f3n 22 meses luego de cometer el delito, habl\u00f3 con \u201cVICE News\u201d de los pormenores que rodearon al<strong>&nbsp;robo<\/strong>&nbsp;ocurrido en 2016, cuando Kim y sus hermanas, Kourtney y Klo\u00e9 hab\u00edan viajado a la regi\u00f3n europea. A pesar de pasar casi dos a\u00f1os encarcelado, el hombre indic\u00f3 que no se sent\u00eda culpable por lo que hab\u00eda hecho y, en cambio, culp\u00f3 a la socialite por \u201calardear\u201d de los bienes que es acreedora en las redes sociales.<\/p>\n\n\n\n<blockquote class=\"wp-block-quote is-layout-flow wp-block-quote-is-layout-flow\"><p>\u201cComo ella estaba tirando el dinero, yo estaba all\u00ed para recogerlo, y eso fue todo.&nbsp;\u00bfCulpable?&nbsp;No, no me importa\u201d, dijo Abbas. Tambi\u00e9n confi\u00f3 que nunca hab\u00eda prestado mucha atenci\u00f3n a Kim, hasta que un d\u00eda vio uno de los episodios de \u201cKeeping up with the Kardashians\u201d, donde la celebridad pierde uno de sus pendientes de diamantes, valuado en 75 mil d\u00f3lares, luego de nadar en una de las peque\u00f1as islas de Bora Bora. \u201cPens\u00e9: \u00b4Ella tiene mucho dinero. A esta se\u00f1ora no le importa nada\u00b4&#8221;, justific\u00f3.<\/p><\/blockquote>\n\n\n\n<p>Yunis expres\u00f3 que no fue muy dif\u00edcil dar con las joyas de las que pod\u00edan despojar a Kim, pues toda la informaci\u00f3n la sustrajeron de las redes sociales de la empresaria. Posteriormente, \u00e9l y el resto de \u201cabuelos ladrones\u201d &nbsp;se enteraron de que la empresaria viajar\u00eda a la ciudad francesa con motivo de la Semana de la Moda de Par\u00eds, que se celebrar\u00eda en octubre, por lo que se dieron a la tarea de investigar en qu\u00e9 hotel se hospedar\u00eda; el Hotel De Pourtales, ubicado en el distrito VIII, una de las zonas exclusivas de la regi\u00f3n.<\/p>\n\n\n\n<p>Abbas y sus secuaces -indic\u00f3- rodearon las inmediaciones del hotel desde la media noche del d\u00eda anterior, mientras esperaban el momento propicio para perpetuar el robo. Seg\u00fan record\u00f3, las hermanas de Kim hab\u00edan salido de la habitaci\u00f3n, acompa\u00f1adas por su guardaespaldas (Pascal Duvier), y la celebridad se qued\u00f3 sola sin ning\u00fan apoyo de seguridad.<br>&#8220;Entramos por la puertecita que estaba abierta por dentro&#8221;, dijo Abbas.&nbsp;\u201cTan pronto como entramos, tomamos el control del conserje.&nbsp;Lo dominamos, lo atamos; luego buscamos las llaves del dormitorio en el que se qued\u00f3\u201d.<\/p>\n\n\n\n<blockquote class=\"wp-block-quote is-layout-flow wp-block-quote-is-layout-flow\"><p>&#8220;Me qued\u00e9 abajo, pero mis dos colegas subieron con el conserje para ir a la habitaci\u00f3n de Madame Kardashian&#8221; -prosigui\u00f3 Yunis- En ese momento, los \u201cabuelos de ladrones\u201d, todos con edades entre los 60 a 70 a\u00f1os, ataron, amordazaron y arrojaron a Kim en la ba\u00f1era de la habitaci\u00f3n, mientras lloraba \u201cy suplicaba por su vida\u201d.<\/p><\/blockquote>\n\n\n\n<p>Fuente: <a href=\"https:\/\/www.eluniversal.com.mx\/espectaculos\/ella-estaba-tirando-el-dinero-yo-estaba-alli-para-recogerlo-dice-ladron-de-joyas-de-kim-kardashian\" data-type=\"URL\" data-id=\"https:\/\/www.eluniversal.com.mx\/espectaculos\/ella-estaba-tirando-el-dinero-yo-estaba-alli-para-recogerlo-dice-ladron-de-joyas-de-kim-kardashian\">El Universal<\/a><\/p>\n","protected":false},"excerpt":{"rendered":"<p>Hace seis a\u00f1os,&nbsp;Kim Kardashian&nbsp;fue atada y amordazada en una habitaci\u00f3n de hotel en&nbsp;Par\u00eds, por un grupo criminal denominado como \u201clos abuelos ladrones\u201d que hurt\u00f3 10 millones de d\u00f3lares en joyas de la empresaria, incluido su anillo de bodas. Ahora, uno de los perpetradores profundiz\u00f3 en los detalles del robo, asegurando que no se siente culpable, [&hellip;]<\/p>\n","protected":false},"author":35,"featured_media":31300,"comment_status":"open","ping_status":"open","sticky":false,"template":"","format":"standard","meta":{"_monsterinsights_skip_tracking":false,"_monsterinsights_sitenote_active":false,"_monsterinsights_sitenote_note":"","_monsterinsights_sitenote_category":0,"footnotes":""},"categories":[576],"tags":[2923,7253,18551],"class_list":["post-70718","post","type-post","status-publish","format-standard","has-post-thumbnail","hentry","category-ocio","tag-joyas","tag-kim-kardashian","tag-ladron-2","wp-image-borders"],"amp_enabled":true,"_links":{"self":[{"href":"https:\/\/nvnoticias.mx\/index.php\/wp-json\/wp\/v2\/posts\/70718","targetHints":{"allow":["GET"]}}],"collection":[{"href":"https:\/\/nvnoticias.mx\/index.php\/wp-json\/wp\/v2\/posts"}],"about":[{"href":"https:\/\/nvnoticias.mx\/index.php\/wp-json\/wp\/v2\/types\/post"}],"author":[{"embeddable":true,"href":"https:\/\/nvnoticias.mx\/index.php\/wp-json\/wp\/v2\/users\/35"}],"replies":[{"embeddable":true,"href":"https:\/\/nvnoticias.mx\/index.php\/wp-json\/wp\/v2\/comments?post=70718"}],"version-history":[{"count":2,"href":"https:\/\/nvnoticias.mx\/index.php\/wp-json\/wp\/v2\/posts\/70718\/revisions"}],"predecessor-version":[{"id":70720,"href":"https:\/\/nvnoticias.mx\/index.php\/wp-json\/wp\/v2\/posts\/70718\/revisions\/70720"}],"wp:featuredmedia":[{"embeddable":true,"href":"https:\/\/nvnoticias.mx\/index.php\/wp-json\/wp\/v2\/media\/31300"}],"wp:attachment":[{"href":"https:\/\/nvnoticias.mx\/index.php\/wp-json\/wp\/v2\/media?parent=70718"}],"wp:term":[{"taxonomy":"category","embeddable":true,"href":"https:\/\/nvnoticias.mx\/index.php\/wp-json\/wp\/v2\/categories?post=70718"},{"taxonomy":"post_tag","embeddable":true,"href":"https:\/\/nvnoticias.mx\/index.php\/wp-json\/wp\/v2\/tags?post=70718"}],"curies":[{"name":"wp","href":"https:\/\/api.w.org\/{rel}","templated":true}]}}