{"id":70704,"date":"2022-08-21T15:49:53","date_gmt":"2022-08-21T20:49:53","guid":{"rendered":"https:\/\/nvnoticias.mx\/?p=70704"},"modified":"2022-08-21T15:49:54","modified_gmt":"2022-08-21T20:49:54","slug":"destapa-pan-a-enrique-vargas-para-el-edomex","status":"publish","type":"post","link":"https:\/\/nvnoticias.mx\/index.php\/2022\/08\/21\/destapa-pan-a-enrique-vargas-para-el-edomex\/","title":{"rendered":"Destapa PAN a Enrique Vargas para el Edomex"},"content":{"rendered":"\n<p>El Partido Acci\u00f3n Nacional (<strong>PAN<\/strong>) mostr\u00f3 su m\u00fasculo al reunir a m\u00e1s de mil 400 personas en el&nbsp;<strong>Teatro<\/strong>&nbsp;<strong>Morelos<\/strong>&nbsp;de cara a las elecciones en el<strong>&nbsp;Estado de M\u00e9xico&nbsp;<\/strong>y las presidenciales de 2024.<\/p>\n\n\n\n<p>En el &#8220;Encuentro con militantes y simpatizantes de Acci\u00f3n Nacional&#8221;,&nbsp;<strong>Santiago<\/strong>&nbsp;<strong>Creel<\/strong>&nbsp;<strong>Miranda<\/strong>, diputado federal, revivi\u00f3 el lema de Vicente Fox en 2000 cuando gan\u00f3 la&nbsp;<strong>Presidencia<\/strong>&nbsp;de la&nbsp;<strong>Rep\u00fablica<\/strong>, &nbsp;para decir que &#8220;Hoy, hoy, hoy&#8221; vamos a comenzar a trabajar por Enr\u00edque Vargas del Villar para la candidatura al gobierno mexiquense. &nbsp;<\/p>\n\n\n\n<p>El panismo nacional y mexiquense hizo la presentaci\u00f3n formal y lanzamiento del diputado local<strong>, Enrique Vargas del Villar,<\/strong>&nbsp;como aspirante a la gubernatura del albiazul en el&nbsp;<strong>Estado<\/strong>&nbsp;de&nbsp;<strong>M\u00e9xico<\/strong>&nbsp;para el pr\u00f3ximo a\u00f1o.<\/p>\n\n\n\n<p>El albiazul reuni\u00f3 a gobernadores, a diputados federales, locales, as\u00ed como senadores y a su dirigente. Entre los presentes estuvieron los mandatarios estatales de Guanajuato,\u00a0<strong>Diego Sinhue Rodr\u00edguez<\/strong>; de Quer\u00e9taro,\u00a0<strong>Mauricio<\/strong>\u00a0<strong>Kuri<\/strong>; de Yucat\u00e1n,\u00a0<strong>Mauricio<\/strong>\u00a0<strong>Vila<\/strong>, as\u00ed como la gobernadora electa de Aguascalientes,\u00a0<strong>Teresa<\/strong>\u00a0<strong>Jim\u00e9nez<\/strong>. \u00a0<\/p>\n\n\n\n<p>Incluso, el expresidente de la Rep\u00fablica,\u00a0<strong>Vicente<\/strong>\u00a0<strong>Fox<\/strong>\u00a0<strong>Quezada<\/strong>\u00a0ofreci\u00f3 un mensaje en video en el que afirm\u00f3 que ya se puso su uniforme de campa\u00f1a para acompa\u00f1ar al PAN en las elecciones de 2023 y 2024.<\/p>\n\n\n\n<p>En un teatro lleno y con el coro de &#8220;Enrique Gobernador, Enrique Gobernador&#8221;, el diputado\u00a0<strong>Vargas<\/strong>\u00a0del\u00a0<strong>Villar<\/strong>\u00a0afirm\u00f3 que el reto y tarea de construir una nueva ruta para M\u00e9xico desde el Estado de M\u00e9xico para sentar las bases para las elecciones presidenciales de 2024.\u00a0 Aclar\u00f3 que su partido buscar\u00e1 consolidar una gran alianza con el PRI y PRD para cerrarle el paso a Morena. <\/p>\n\n\n\n<blockquote class=\"wp-block-quote is-layout-flow wp-block-quote-is-layout-flow\"><p>&#8220;Es necesaria la conformaci\u00f3n de una gran alianza opositora, tiene que concretarse con esta convicci\u00f3n y el esp\u00edritu debe estar encausado hacia el futuro.\u00a0<\/p><\/blockquote>\n\n\n\n<p>Tambi\u00e9n conf\u00edo en que las dirigencia del PAN, PRI y PRD buscar\u00e1n conformar una alianza<strong>\u00a0Va por M\u00e9xico<\/strong>\u00a0para el\u00a0<strong>Edomex<\/strong>.\u00a0<\/p>\n\n\n\n<p>El l\u00edder nacional del PAN,\u00a0<strong>Marko<\/strong>\u00a0<strong>Cort\u00e9s<\/strong>\u00a0Mendoza record\u00f3 cuando Acci\u00f3n Nacional gan\u00f3 las elecciones presidenciales del a\u00f1o 2000 con\u00a0<strong>Vicente<\/strong>\u00a0<strong>Fox<\/strong>.<\/p>\n\n\n\n<p>El diputado local, Vargas del Villar, afirm\u00f3 que hoy y siempre primero ser\u00e1 M\u00e9xico y el Estado de M\u00e9xico, por encima de un plan, inter\u00e9s o deseo personal. Respald\u00f3 que para la elecci\u00f3n a gobernador del 2023, las dirigencias del PAN, PRI y PRD deben concretar y conformar una gran alianza opositora y en la que no se pueden equivocar.<\/p>\n\n\n\n<p>Fuente: <a href=\"https:\/\/heraldodemexico.com.mx\/nacional\/2022\/8\/21\/pan-destapa-enrique-vargas-para-el-edomex-el-denunciara-penalmente-campana-sucia-432497.html\" data-type=\"URL\" data-id=\"https:\/\/heraldodemexico.com.mx\/nacional\/2022\/8\/21\/pan-destapa-enrique-vargas-para-el-edomex-el-denunciara-penalmente-campana-sucia-432497.html\">El Heraldo de M\u00e9xico<\/a><\/p>\n","protected":false},"excerpt":{"rendered":"<p>El Partido Acci\u00f3n Nacional (PAN) mostr\u00f3 su m\u00fasculo al reunir a m\u00e1s de mil 400 personas en el&nbsp;Teatro&nbsp;Morelos&nbsp;de cara a las elecciones en el&nbsp;Estado de M\u00e9xico&nbsp;y las presidenciales de 2024. En el &#8220;Encuentro con militantes y simpatizantes de Acci\u00f3n Nacional&#8221;,&nbsp;Santiago&nbsp;Creel&nbsp;Miranda, diputado federal, revivi\u00f3 el lema de Vicente Fox en 2000 cuando gan\u00f3 la&nbsp;Presidencia&nbsp;de la&nbsp;Rep\u00fablica, &nbsp;para [&hellip;]<\/p>\n","protected":false},"author":35,"featured_media":68459,"comment_status":"open","ping_status":"open","sticky":false,"template":"","format":"standard","meta":{"_monsterinsights_skip_tracking":false,"_monsterinsights_sitenote_active":false,"_monsterinsights_sitenote_note":"","_monsterinsights_sitenote_category":0,"footnotes":""},"categories":[158],"tags":[14121,2376,18015,284],"class_list":["post-70704","post","type-post","status-publish","format-standard","has-post-thumbnail","hentry","category-politica","tag-destapa","tag-edomex","tag-enrique-vargas","tag-pan","wp-image-borders"],"amp_enabled":true,"_links":{"self":[{"href":"https:\/\/nvnoticias.mx\/index.php\/wp-json\/wp\/v2\/posts\/70704","targetHints":{"allow":["GET"]}}],"collection":[{"href":"https:\/\/nvnoticias.mx\/index.php\/wp-json\/wp\/v2\/posts"}],"about":[{"href":"https:\/\/nvnoticias.mx\/index.php\/wp-json\/wp\/v2\/types\/post"}],"author":[{"embeddable":true,"href":"https:\/\/nvnoticias.mx\/index.php\/wp-json\/wp\/v2\/users\/35"}],"replies":[{"embeddable":true,"href":"https:\/\/nvnoticias.mx\/index.php\/wp-json\/wp\/v2\/comments?post=70704"}],"version-history":[{"count":1,"href":"https:\/\/nvnoticias.mx\/index.php\/wp-json\/wp\/v2\/posts\/70704\/revisions"}],"predecessor-version":[{"id":70705,"href":"https:\/\/nvnoticias.mx\/index.php\/wp-json\/wp\/v2\/posts\/70704\/revisions\/70705"}],"wp:featuredmedia":[{"embeddable":true,"href":"https:\/\/nvnoticias.mx\/index.php\/wp-json\/wp\/v2\/media\/68459"}],"wp:attachment":[{"href":"https:\/\/nvnoticias.mx\/index.php\/wp-json\/wp\/v2\/media?parent=70704"}],"wp:term":[{"taxonomy":"category","embeddable":true,"href":"https:\/\/nvnoticias.mx\/index.php\/wp-json\/wp\/v2\/categories?post=70704"},{"taxonomy":"post_tag","embeddable":true,"href":"https:\/\/nvnoticias.mx\/index.php\/wp-json\/wp\/v2\/tags?post=70704"}],"curies":[{"name":"wp","href":"https:\/\/api.w.org\/{rel}","templated":true}]}}