{"id":7069,"date":"2021-03-09T10:43:19","date_gmt":"2021-03-09T16:43:19","guid":{"rendered":"https:\/\/nvnoticias.mx\/?p=7069"},"modified":"2021-03-09T10:43:21","modified_gmt":"2021-03-09T16:43:21","slug":"rosario-robles-retira-propuesta-de-declararse-culpable","status":"publish","type":"post","link":"https:\/\/nvnoticias.mx\/index.php\/2021\/03\/09\/rosario-robles-retira-propuesta-de-declararse-culpable\/","title":{"rendered":"Rosario Robles retira propuesta de declararse culpable"},"content":{"rendered":"\n<p>La ex secretaria de Sedesol, Rosario Robles retir\u00f3 su propuesta de declararse culpable por el delito de ejercicio indebido del servicio p\u00fablico y pasar 6 a\u00f1os en prisi\u00f3n por el presunto desv\u00edo de m\u00e1s de 5 mil millones de pesos cuando estuvo al frente de las secretar\u00edas de Desarrollo Social (Sedesol) y de Desarrollo Agrario, Territorial y Urbano (Sedatu).<\/p>\n\n\n\n<p>En  un oficio que ser\u00e1 enviado la ma\u00f1ana de este martes a a la\u00a0Subprocuradur\u00eda de Delitos Federales de la FGR,\u00a0la defensa notificar\u00e1 formalmente la decisi\u00f3n de la exfuncionaria de abstenerse de negociar una salida alterna y determin\u00f3 ir a juicio.<\/p>\n\n\n\n<p>En el documento tambi\u00e9n pidi\u00f3 que en la audiencia intermedia programada para el pr\u00f3ximo 26 de marzo, haya un trato procesal justo.<\/p>\n\n\n\n<blockquote class=\"wp-block-quote is-layout-flow wp-block-quote-is-layout-flow\"><p>\u201cLa justiciable exige bajo esta perspectiva que ante las actuales circunstancias tenga un trato procesal justo y no basado en rencillas personales o por su condici\u00f3n de mujer, porque de lo que se trata es buscar la verdad y la justicia y no un proceso fundado en \u00e1nimos venganza y violencia pol\u00edtica.<\/p><\/blockquote>\n\n\n\n<p>Fuente. <a href=\"https:\/\/www.milenio.com\/policia\/rosario-robles-retira-propuesta-declararse-culpable-ira-juicio\">Milenio<\/a><\/p>\n","protected":false},"excerpt":{"rendered":"<p>La ex secretaria de Sedesol, Rosario Robles retir\u00f3 su propuesta de declararse culpable por el delito de ejercicio indebido del servicio p\u00fablico y pasar 6 a\u00f1os en prisi\u00f3n por el presunto desv\u00edo de m\u00e1s de 5 mil millones de pesos cuando estuvo al frente de las secretar\u00edas de Desarrollo Social (Sedesol) y de Desarrollo Agrario, [&hellip;]<\/p>\n","protected":false},"author":6,"featured_media":6552,"comment_status":"open","ping_status":"open","sticky":false,"template":"","format":"standard","meta":{"_monsterinsights_skip_tracking":false,"_monsterinsights_sitenote_active":false,"_monsterinsights_sitenote_note":"","_monsterinsights_sitenote_category":0,"footnotes":""},"categories":[157],"tags":[1982,162,1981],"class_list":["post-7069","post","type-post","status-publish","format-standard","has-post-thumbnail","hentry","category-nacional","tag-estafa-maestra","tag-portada","tag-rosario-robles","wp-image-borders"],"amp_enabled":true,"_links":{"self":[{"href":"https:\/\/nvnoticias.mx\/index.php\/wp-json\/wp\/v2\/posts\/7069","targetHints":{"allow":["GET"]}}],"collection":[{"href":"https:\/\/nvnoticias.mx\/index.php\/wp-json\/wp\/v2\/posts"}],"about":[{"href":"https:\/\/nvnoticias.mx\/index.php\/wp-json\/wp\/v2\/types\/post"}],"author":[{"embeddable":true,"href":"https:\/\/nvnoticias.mx\/index.php\/wp-json\/wp\/v2\/users\/6"}],"replies":[{"embeddable":true,"href":"https:\/\/nvnoticias.mx\/index.php\/wp-json\/wp\/v2\/comments?post=7069"}],"version-history":[{"count":1,"href":"https:\/\/nvnoticias.mx\/index.php\/wp-json\/wp\/v2\/posts\/7069\/revisions"}],"predecessor-version":[{"id":7072,"href":"https:\/\/nvnoticias.mx\/index.php\/wp-json\/wp\/v2\/posts\/7069\/revisions\/7072"}],"wp:featuredmedia":[{"embeddable":true,"href":"https:\/\/nvnoticias.mx\/index.php\/wp-json\/wp\/v2\/media\/6552"}],"wp:attachment":[{"href":"https:\/\/nvnoticias.mx\/index.php\/wp-json\/wp\/v2\/media?parent=7069"}],"wp:term":[{"taxonomy":"category","embeddable":true,"href":"https:\/\/nvnoticias.mx\/index.php\/wp-json\/wp\/v2\/categories?post=7069"},{"taxonomy":"post_tag","embeddable":true,"href":"https:\/\/nvnoticias.mx\/index.php\/wp-json\/wp\/v2\/tags?post=7069"}],"curies":[{"name":"wp","href":"https:\/\/api.w.org\/{rel}","templated":true}]}}