{"id":70629,"date":"2022-08-20T16:43:31","date_gmt":"2022-08-20T21:43:31","guid":{"rendered":"https:\/\/nvnoticias.mx\/?p=70629"},"modified":"2022-08-20T16:43:33","modified_gmt":"2022-08-20T21:43:33","slug":"fortalece-consejo-de-la-cronica-identidad-de-las-y-los-xalapenos","status":"publish","type":"post","link":"https:\/\/nvnoticias.mx\/index.php\/2022\/08\/20\/fortalece-consejo-de-la-cronica-identidad-de-las-y-los-xalapenos\/","title":{"rendered":"Fortalece Consejo de la Cr\u00f3nica identidad de las y los xalape\u00f1os"},"content":{"rendered":"\n<p>Xalapa, Ver.- La gastronom\u00eda, la m\u00fasica, el urbanismo, los jardines, la convivencia social, son parte de los bienes patrimoniales a trav\u00e9s de los cuales el Consejo de la Cr\u00f3nica fortalece y difunde la identidad de las y los xalape\u00f1os.<\/p>\n\n\n\n<p>De acuerdo con el Cronista de la Ciudad, Vicente Espino Jara, esta figura forma parte de la estructura de la administraci\u00f3n municipal y apoya su labor de investigaci\u00f3n en el Consejo de la Cr\u00f3nica, \u00f3rgano colegiado que en Veracruz s\u00f3lo se encuentra formalmente integrado en C\u00f3rdoba y Xalapa.<\/p>\n\n\n\n<p>Esto permite fortalecer los v\u00ednculos sociales a trav\u00e9s de la publicaci\u00f3n de revistas, la realizaci\u00f3n de conferencias, charlas y eventos que acercan a las nuevas generaciones al acervo de la ciudad para que se sientan orgullosos de pertenecer a la comunidad xalape\u00f1a: \u201cUna sociedad que conoce su casa, el lugar donde habita, aprende a valorarla, quererla y cuidarla\u201d, destac\u00f3.<\/p>\n\n\n\n<p>Agreg\u00f3 que para lograr esta labor, es importante la solidaridad de las instituciones, a trav\u00e9s de espacios como el Archivo Hist\u00f3rico Municipal, donde la dedicaci\u00f3n al manejo, orden y preservaci\u00f3n de los documentos facilita el trabajo del Consejo.<\/p>\n","protected":false},"excerpt":{"rendered":"<p>Xalapa, Ver.- La gastronom\u00eda, la m\u00fasica, el urbanismo, los jardines, la convivencia social, son parte de los bienes patrimoniales a trav\u00e9s de los cuales el Consejo de la Cr\u00f3nica fortalece y difunde la identidad de las y los xalape\u00f1os. De acuerdo con el Cronista de la Ciudad, Vicente Espino Jara, esta figura forma parte de [&hellip;]<\/p>\n","protected":false},"author":35,"featured_media":70630,"comment_status":"open","ping_status":"open","sticky":false,"template":"","format":"standard","meta":{"_monsterinsights_skip_tracking":false,"_monsterinsights_sitenote_active":false,"_monsterinsights_sitenote_note":"","_monsterinsights_sitenote_category":0,"footnotes":""},"categories":[156],"tags":[18526,18525,8781,5070],"class_list":["post-70629","post","type-post","status-publish","format-standard","has-post-thumbnail","hentry","category-estado","tag-consejo-de-la-cronica","tag-fotalece","tag-identidad","tag-xalapenos","wp-image-borders"],"amp_enabled":true,"_links":{"self":[{"href":"https:\/\/nvnoticias.mx\/index.php\/wp-json\/wp\/v2\/posts\/70629","targetHints":{"allow":["GET"]}}],"collection":[{"href":"https:\/\/nvnoticias.mx\/index.php\/wp-json\/wp\/v2\/posts"}],"about":[{"href":"https:\/\/nvnoticias.mx\/index.php\/wp-json\/wp\/v2\/types\/post"}],"author":[{"embeddable":true,"href":"https:\/\/nvnoticias.mx\/index.php\/wp-json\/wp\/v2\/users\/35"}],"replies":[{"embeddable":true,"href":"https:\/\/nvnoticias.mx\/index.php\/wp-json\/wp\/v2\/comments?post=70629"}],"version-history":[{"count":1,"href":"https:\/\/nvnoticias.mx\/index.php\/wp-json\/wp\/v2\/posts\/70629\/revisions"}],"predecessor-version":[{"id":70631,"href":"https:\/\/nvnoticias.mx\/index.php\/wp-json\/wp\/v2\/posts\/70629\/revisions\/70631"}],"wp:featuredmedia":[{"embeddable":true,"href":"https:\/\/nvnoticias.mx\/index.php\/wp-json\/wp\/v2\/media\/70630"}],"wp:attachment":[{"href":"https:\/\/nvnoticias.mx\/index.php\/wp-json\/wp\/v2\/media?parent=70629"}],"wp:term":[{"taxonomy":"category","embeddable":true,"href":"https:\/\/nvnoticias.mx\/index.php\/wp-json\/wp\/v2\/categories?post=70629"},{"taxonomy":"post_tag","embeddable":true,"href":"https:\/\/nvnoticias.mx\/index.php\/wp-json\/wp\/v2\/tags?post=70629"}],"curies":[{"name":"wp","href":"https:\/\/api.w.org\/{rel}","templated":true}]}}