{"id":70624,"date":"2022-08-20T16:34:58","date_gmt":"2022-08-20T21:34:58","guid":{"rendered":"https:\/\/nvnoticias.mx\/?p=70624"},"modified":"2022-08-20T16:35:00","modified_gmt":"2022-08-20T21:35:00","slug":"refrenda-pt-apoyo-a-ricardo-mejia-como-aspirante-a-coordinador-de-defensa","status":"publish","type":"post","link":"https:\/\/nvnoticias.mx\/index.php\/2022\/08\/20\/refrenda-pt-apoyo-a-ricardo-mejia-como-aspirante-a-coordinador-de-defensa\/","title":{"rendered":"Refrenda PT apoyo a Ricardo Mej\u00eda como aspirante a coordinador de Defensa"},"content":{"rendered":"\n<p>El\u00a0<strong>Partido del Trabajo\u00a0<\/strong>(PT)\u00a0refrend\u00f3 su respaldo a\u00a0<strong>Ricardo Mej\u00eda<\/strong>, subsecretario de Seguridad, como aspirante a coordinador de Defensa de los Comit\u00e9s de la<strong>\u00a0Cuarta Transformaci\u00f3n<\/strong>.<\/p>\n\n\n\n<p>Reunidos en Saltillo,\u00a0<strong>Coahuila<\/strong>, Valeria Flores, comisionada Pol\u00edtica Nacional en el estado de\u00a0<strong>Coahuila\u00a0<\/strong>manifest\u00f3 su apoyo al funcionario: Ricardo Mej\u00eda es el mejor perfil del obradorismo en el estado. Un hombre de izquierda, leal y con una trayectoria intachable. Mej\u00eda es la \u00fanica garant\u00eda de cambio&#8221;.<\/p>\n\n\n\n<p>Asimismo, Valeria Flores a\u00f1adi\u00f3 &#8220;el PT y Mej\u00eda persiguen un objetivo en com\u00fan: el bienestar de todas y todos en Coahuila. Tenemos que dejar a un lado las malas pr\u00e1cticas para generar una transformaci\u00f3n verdadera para Coahula. Sabemos que esta transformaci\u00f3n viene acompa\u00f1ado de nuestro amigo y compa\u00f1ero Ricardo Mej\u00eda.\u00a0<\/p>\n\n\n\n<p>En tanto,<strong>&nbsp;Daniel Esquivel<\/strong>, comisionado Nacional de Elecciones en Coahuila, sentenci\u00f3 que &#8221; la trayectoria y compromiso de Ricardo Mej\u00eda lo respaldan, por eso, los coahuilenses conf\u00edan y lo apoyan&#8221;.&nbsp;<\/p>\n\n\n\n<p>El subsecretario de Seguridad agradeci\u00f3 a los comisionados el apoyo y aprovech\u00f3 la oportunidad para mandar un reconocimiento al l\u00edder del partido,<strong>\u00a0Alberto Anaya<\/strong>.<\/p>\n\n\n\n<p>Fuente: <a href=\"https:\/\/heraldodemexico.com.mx\/nacional\/2022\/8\/20\/pt-refrenda-apoyo-ricardo-mejia-como-aspirante-coordinador-de-defensa-432385.html\" data-type=\"URL\" data-id=\"https:\/\/heraldodemexico.com.mx\/nacional\/2022\/8\/20\/pt-refrenda-apoyo-ricardo-mejia-como-aspirante-coordinador-de-defensa-432385.html\">El Heraldo de M\u00e9xico<\/a><\/p>\n","protected":false},"excerpt":{"rendered":"<p>El\u00a0Partido del Trabajo\u00a0(PT)\u00a0refrend\u00f3 su respaldo a\u00a0Ricardo Mej\u00eda, subsecretario de Seguridad, como aspirante a coordinador de Defensa de los Comit\u00e9s de la\u00a0Cuarta Transformaci\u00f3n. Reunidos en Saltillo,\u00a0Coahuila, Valeria Flores, comisionada Pol\u00edtica Nacional en el estado de\u00a0Coahuila\u00a0manifest\u00f3 su apoyo al funcionario: Ricardo Mej\u00eda es el mejor perfil del obradorismo en el estado. Un hombre de izquierda, leal y [&hellip;]<\/p>\n","protected":false},"author":35,"featured_media":50862,"comment_status":"open","ping_status":"open","sticky":false,"template":"","format":"standard","meta":{"_monsterinsights_skip_tracking":false,"_monsterinsights_sitenote_active":false,"_monsterinsights_sitenote_note":"","_monsterinsights_sitenote_category":0,"footnotes":""},"categories":[158],"tags":[410,4913,4219,5483,345,13873,13713],"class_list":["post-70624","post","type-post","status-publish","format-standard","has-post-thumbnail","hentry","category-politica","tag-apoyo","tag-aspirante","tag-coordinador","tag-defensa","tag-pt","tag-refrenda","tag-ricardo-mejia","wp-image-borders"],"amp_enabled":true,"_links":{"self":[{"href":"https:\/\/nvnoticias.mx\/index.php\/wp-json\/wp\/v2\/posts\/70624","targetHints":{"allow":["GET"]}}],"collection":[{"href":"https:\/\/nvnoticias.mx\/index.php\/wp-json\/wp\/v2\/posts"}],"about":[{"href":"https:\/\/nvnoticias.mx\/index.php\/wp-json\/wp\/v2\/types\/post"}],"author":[{"embeddable":true,"href":"https:\/\/nvnoticias.mx\/index.php\/wp-json\/wp\/v2\/users\/35"}],"replies":[{"embeddable":true,"href":"https:\/\/nvnoticias.mx\/index.php\/wp-json\/wp\/v2\/comments?post=70624"}],"version-history":[{"count":1,"href":"https:\/\/nvnoticias.mx\/index.php\/wp-json\/wp\/v2\/posts\/70624\/revisions"}],"predecessor-version":[{"id":70625,"href":"https:\/\/nvnoticias.mx\/index.php\/wp-json\/wp\/v2\/posts\/70624\/revisions\/70625"}],"wp:featuredmedia":[{"embeddable":true,"href":"https:\/\/nvnoticias.mx\/index.php\/wp-json\/wp\/v2\/media\/50862"}],"wp:attachment":[{"href":"https:\/\/nvnoticias.mx\/index.php\/wp-json\/wp\/v2\/media?parent=70624"}],"wp:term":[{"taxonomy":"category","embeddable":true,"href":"https:\/\/nvnoticias.mx\/index.php\/wp-json\/wp\/v2\/categories?post=70624"},{"taxonomy":"post_tag","embeddable":true,"href":"https:\/\/nvnoticias.mx\/index.php\/wp-json\/wp\/v2\/tags?post=70624"}],"curies":[{"name":"wp","href":"https:\/\/api.w.org\/{rel}","templated":true}]}}