{"id":7060,"date":"2021-03-09T09:49:38","date_gmt":"2021-03-09T15:49:38","guid":{"rendered":"https:\/\/nvnoticias.mx\/?p=7060"},"modified":"2021-03-09T09:49:40","modified_gmt":"2021-03-09T15:49:40","slug":"una-causa-legitima","status":"publish","type":"post","link":"https:\/\/nvnoticias.mx\/index.php\/2021\/03\/09\/una-causa-legitima\/","title":{"rendered":"Una causa leg\u00edtima"},"content":{"rendered":"\n<p>El recuento de las movilizaciones, marchas y manifestaciones que realizaron los distintos colectivos y contingentes de mujeres en todo el pa\u00eds volvi\u00f3 a dejar muy claro cu\u00e1les son sus reclamos: se detenga la violencia de g\u00e9nero, no m\u00e1s agresiones y abusos sexuales, que se haga justicia y se esclarezcan asesinatos y desapariciones, libertad a decidir por su cuerpo y, por supuesto, que se ponga un alto a los feminicidios.<\/p>\n\n\n\n<p>Cada uno de estos reclamos son esencialmente leg\u00edtimos, porque forman parte de lo que el g\u00e9nero femenino ha venido sufriendo por d\u00e9cadas y ahora se hace m\u00e1s notorio y estridente por la velocidad en que se mueve la informaci\u00f3n a trav\u00e9s de las redes. Esta legitimidad de los reclamos es lo que ha hecho tan fuerte este movimiento feminista, situaci\u00f3n que incomoda de manera visible al presidente L\u00f3pez Obrador. Estos \u00faltimos d\u00edas han corrido cualquier cantidad de an\u00e1lisis, comentarios, puntos de vista sobre la forma en que el presidente ha tomado estas protestas de las mujeres: que no es emp\u00e1tico; que no es tema de su agenda; que ningunea el movimiento; que las siente como una amenaza para su gobierno, entre muchas otras m\u00e1s. Probablemente, \u00e9sta \u00faltima es la que m\u00e1s le preocupa y le molesta, ya que no se cansa de decir que todo es un movimiento desestabilizador de sus adversarios; ellos son los que se han infiltrado y las manipulan. Esa es su l\u00f3gica y su visi\u00f3n. Deber\u00e1 tener m\u00e1s cuidado en lo que piensa y ve, no vaya a ser que este movimiento cruce todas las fronteras que pueda imaginar.<\/p>\n\n\n\n<p>Esto me trae a la mente la primavera \u00e1rabe del 2011. Este movimiento que empez\u00f3 en T\u00fanez con la autoinmolaci\u00f3n, en forma de protesta, de un comerciante ambulante que fue v\u00edctima de los abusos del poder, se extendi\u00f3 a los dem\u00e1s pa\u00edses \u00e1rabes que tambi\u00e9n empezaron a exigir mejores condiciones de vida, respeto a sus derechos y libertades. A ra\u00edz de estos movimientos fueron cayendo reg\u00edmenes autoritarios que llevaban d\u00e9cadas en el poder: Hosni Mubarak en Egipto; Muamar Gadafi en Libia; tambi\u00e9n cayeron los gobiernos en T\u00fanez, Yemen, Jordania y Argelia. Siria lamentablemente contin\u00faa viviendo una espantosa guerra civil.<\/p>\n\n\n\n<p>Lo que llama la atenci\u00f3n de esta primavera \u00e1rabe es que fue un movimiento horizontal, donde no existi\u00f3 un l\u00edder visible quien fuera el que los encabezara. El movimiento se dio especialmente entre los j\u00f3venes por las redes sociales. Las protestas de las mujeres en M\u00e9xico se dan con esta caracter\u00edstica horizontal similar, lo cu\u00e1l hace m\u00e1s complejo y peligroso el movimiento. Algunos analistas dicen que las mujeres no podr\u00e1n ser el verdadero contrapeso al presidente porque no tienen un liderazgo identificable, a la vez que no cuentan precisamente con un espacio pol\u00edtico abierto. Yo creo que se equivocan, el movimiento puede crecer de manera exponencial, como sucedi\u00f3 con la primavera \u00e1rabe de 2011, porque ambos tienen una caracter\u00edstica en com\u00fan: provienen de una causa leg\u00edtima. Debemos estar atentos.<\/p>\n\n\n\n<p class=\"has-text-align-right\"><strong>Jorge Luis Malpica<\/strong><\/p>\n","protected":false},"excerpt":{"rendered":"<p>El recuento de las movilizaciones, marchas y manifestaciones que realizaron los distintos colectivos y contingentes de mujeres en todo el pa\u00eds volvi\u00f3 a dejar muy claro cu\u00e1les son sus reclamos: se detenga la violencia de g\u00e9nero, no m\u00e1s agresiones y abusos sexuales, que se haga justicia y se esclarezcan asesinatos y desapariciones, libertad a decidir [&hellip;]<\/p>\n","protected":false},"author":27,"featured_media":7002,"comment_status":"open","ping_status":"open","sticky":false,"template":"","format":"standard","meta":{"_monsterinsights_skip_tracking":false,"_monsterinsights_sitenote_active":false,"_monsterinsights_sitenote_note":"","_monsterinsights_sitenote_category":0,"footnotes":""},"categories":[243],"tags":[363],"class_list":["post-7060","post","type-post","status-publish","format-standard","has-post-thumbnail","hentry","category-purgatorio","tag-jorge-luis-malpica-ortiz","wp-image-borders"],"amp_enabled":true,"_links":{"self":[{"href":"https:\/\/nvnoticias.mx\/index.php\/wp-json\/wp\/v2\/posts\/7060","targetHints":{"allow":["GET"]}}],"collection":[{"href":"https:\/\/nvnoticias.mx\/index.php\/wp-json\/wp\/v2\/posts"}],"about":[{"href":"https:\/\/nvnoticias.mx\/index.php\/wp-json\/wp\/v2\/types\/post"}],"author":[{"embeddable":true,"href":"https:\/\/nvnoticias.mx\/index.php\/wp-json\/wp\/v2\/users\/27"}],"replies":[{"embeddable":true,"href":"https:\/\/nvnoticias.mx\/index.php\/wp-json\/wp\/v2\/comments?post=7060"}],"version-history":[{"count":1,"href":"https:\/\/nvnoticias.mx\/index.php\/wp-json\/wp\/v2\/posts\/7060\/revisions"}],"predecessor-version":[{"id":7061,"href":"https:\/\/nvnoticias.mx\/index.php\/wp-json\/wp\/v2\/posts\/7060\/revisions\/7061"}],"wp:featuredmedia":[{"embeddable":true,"href":"https:\/\/nvnoticias.mx\/index.php\/wp-json\/wp\/v2\/media\/7002"}],"wp:attachment":[{"href":"https:\/\/nvnoticias.mx\/index.php\/wp-json\/wp\/v2\/media?parent=7060"}],"wp:term":[{"taxonomy":"category","embeddable":true,"href":"https:\/\/nvnoticias.mx\/index.php\/wp-json\/wp\/v2\/categories?post=7060"},{"taxonomy":"post_tag","embeddable":true,"href":"https:\/\/nvnoticias.mx\/index.php\/wp-json\/wp\/v2\/tags?post=7060"}],"curies":[{"name":"wp","href":"https:\/\/api.w.org\/{rel}","templated":true}]}}