{"id":70569,"date":"2022-08-20T13:20:29","date_gmt":"2022-08-20T18:20:29","guid":{"rendered":"https:\/\/nvnoticias.mx\/?p=70569"},"modified":"2022-08-20T13:20:31","modified_gmt":"2022-08-20T18:20:31","slug":"renuncia-diputado-shamir-fernandez-al-pri","status":"publish","type":"post","link":"https:\/\/nvnoticias.mx\/index.php\/2022\/08\/20\/renuncia-diputado-shamir-fernandez-al-pri\/","title":{"rendered":"Renuncia diputado Shamir Fern\u00e1ndez al PRI"},"content":{"rendered":"\n<p><strong>Shamir Fern\u00e1ndez Hern\u00e1ndez<\/strong>, diputado de mayor\u00eda relativa del distrito n\u00famero 6 del estado de Coahuila, anunci\u00f3 a trav\u00e9s de una conferencia de prensa,&nbsp;<strong>su decisi\u00f3n de&nbsp;renunciar&nbsp;al Partido Revolucionario Institucional<\/strong>, colores que defend\u00eda desde hace 25 a\u00f1os.<\/p>\n\n\n\n<blockquote class=\"wp-block-quote is-layout-flow wp-block-quote-is-layout-flow\"><p>&#8220;Estoy plenamente convencido que la pol\u00edtica es un instrumento para servir y por ello tom\u00e9 la decisi\u00f3n de dedicar mi vida a esto. Durante m\u00e1s de 25 a\u00f1os constru\u00ed mi historia con el PRI siendo un militante aguerrido, comprometido y muy institucional,\u00a0siempre defendiendo en todo momento las nobles causas, los principios y los valores que inspiraron la creaci\u00f3n del partido&#8221;, dijo a los presentes.<\/p><\/blockquote>\n\n\n\n<p>El legislador acus\u00f3 que el PRI &#8220;ha desviado sus\u00a0ideales, principios y valores con los cuales yo me identifiqu\u00e9 y a los que dediqu\u00e9 con pasi\u00f3n mi vida&#8221;.<\/p>\n\n\n\n<p>Explic\u00f3 que no comparte las ideas de la dirigencia nacional y que por eso tomar\u00eda un nuevo rumbo en su carrera. <\/p>\n\n\n\n<blockquote class=\"wp-block-quote is-layout-flow wp-block-quote-is-layout-flow\"><p>&#8220;Cometiendo el gran error de dejar de escuchar a las voces reales de los liderazgos quienes exigen un verdadero cambio para dirigir con humildad los esfuerzos de regresar a las bases, ser autocr\u00edticos y dejar a un lado las imposiciones y simulaciones que han provocado el divisionismo interno y sobre todo la p\u00e9rdida de la confianza de los ciudadanos&#8221;, abund\u00f3.<\/p><\/blockquote>\n\n\n\n<p>As\u00ed, present\u00f3 su renuncia &#8220;de manera irrevocable como militante del Partido Revolucionario Institucional y por ende del Grupo Parlamentario al que pertenezco en la C\u00e1mara de Diputados&#8221;. Consider\u00f3 que en la actual dirigencia nacional se ha perdido la oportunidad de reinventarse como un instituto pol\u00edtico en un momento de transformaciones sociales que requiere el pa\u00eds.\u00a0<\/p>\n\n\n\n<p>Acus\u00f3 que el partido est\u00e1 respondiendo m\u00e1s a esc\u00e1ndalos personales que buscando la construcci\u00f3n de un nuevo proyecto social que atienda las necesidades de hoy en nuestro pa\u00eds.https:\/\/d-32405764042403763167.ampproject.net\/2208051912001\/frame.html<\/p>\n\n\n\n<blockquote class=\"wp-block-quote is-layout-flow wp-block-quote-is-layout-flow\"><p>&#8220;Quiero comentar que durante mi desarrollo en mi trayectoria pol\u00edtica, he basado mi desempe\u00f1o en la firme defensa de la democracia y el respeto estricto a la voluntad popular. He sido leal a mis convicciones y por ello, esta decisi\u00f3n que asumo con toda la responsabilidad que implica, no omito mencionar que la presente renuncia la realizo con la tranquilidad y la satisfacci\u00f3n de haber realizado una labor honesta, en donde entregu\u00e9 mi mayores y mejores esfuerzos, en todas y cada una de las tareas partidarias que me fueron asignadas&#8221;<\/p><\/blockquote>\n\n\n\n<p>Tambi\u00e9n se dirigi\u00f3 a los ciudadanos&nbsp;y a la militancia real del partido, &#8220;con quienes he desarrollado una relaci\u00f3n fraternal, a esas mujeres y hombres valientes, responsables y comprometidos con su familia, le reitero mi sincera amistad y mi disposici\u00f3n y compromiso&#8221;.<\/p>\n\n\n\n<p>Sobre su futuro pol\u00edtico, dijo que por ahora no se ha definido nada. &#8220;Ahorita yo no tengo ninguna propuesta. Yo te dir\u00eda que ahorita estoy en un tema digamos independiente, ya esperar\u00e9 cu\u00e1les sean las mejores propuestas y la verdad yo te digo, yo creo que tenemos que seguir trabajando por un M\u00e9xico y eso es lo que voy a hacer&#8221;, explic\u00f3.<\/p>\n\n\n\n<p>Fuente: <a href=\"https:\/\/heraldodemexico.com.mx\/nacional\/2022\/8\/20\/diputado-shamir-fernandez-renuncia-al-pri-no-busca-candidatura-432362.html\" data-type=\"URL\" data-id=\"https:\/\/heraldodemexico.com.mx\/nacional\/2022\/8\/20\/diputado-shamir-fernandez-renuncia-al-pri-no-busca-candidatura-432362.html\">El Heraldo de M\u00e9xico<\/a><\/p>\n","protected":false},"excerpt":{"rendered":"<p>Shamir Fern\u00e1ndez Hern\u00e1ndez, diputado de mayor\u00eda relativa del distrito n\u00famero 6 del estado de Coahuila, anunci\u00f3 a trav\u00e9s de una conferencia de prensa,&nbsp;su decisi\u00f3n de&nbsp;renunciar&nbsp;al Partido Revolucionario Institucional, colores que defend\u00eda desde hace 25 a\u00f1os. &#8220;Estoy plenamente convencido que la pol\u00edtica es un instrumento para servir y por ello tom\u00e9 la decisi\u00f3n de dedicar mi [&hellip;]<\/p>\n","protected":false},"author":35,"featured_media":61027,"comment_status":"open","ping_status":"open","sticky":false,"template":"","format":"standard","meta":{"_monsterinsights_skip_tracking":false,"_monsterinsights_sitenote_active":false,"_monsterinsights_sitenote_note":"","_monsterinsights_sitenote_category":0,"footnotes":""},"categories":[158],"tags":[1514,208,2078,18502],"class_list":["post-70569","post","type-post","status-publish","format-standard","has-post-thumbnail","hentry","category-politica","tag-diputado","tag-pri","tag-renuncia","tag-shamir-fernandez","wp-image-borders"],"amp_enabled":true,"_links":{"self":[{"href":"https:\/\/nvnoticias.mx\/index.php\/wp-json\/wp\/v2\/posts\/70569","targetHints":{"allow":["GET"]}}],"collection":[{"href":"https:\/\/nvnoticias.mx\/index.php\/wp-json\/wp\/v2\/posts"}],"about":[{"href":"https:\/\/nvnoticias.mx\/index.php\/wp-json\/wp\/v2\/types\/post"}],"author":[{"embeddable":true,"href":"https:\/\/nvnoticias.mx\/index.php\/wp-json\/wp\/v2\/users\/35"}],"replies":[{"embeddable":true,"href":"https:\/\/nvnoticias.mx\/index.php\/wp-json\/wp\/v2\/comments?post=70569"}],"version-history":[{"count":1,"href":"https:\/\/nvnoticias.mx\/index.php\/wp-json\/wp\/v2\/posts\/70569\/revisions"}],"predecessor-version":[{"id":70570,"href":"https:\/\/nvnoticias.mx\/index.php\/wp-json\/wp\/v2\/posts\/70569\/revisions\/70570"}],"wp:featuredmedia":[{"embeddable":true,"href":"https:\/\/nvnoticias.mx\/index.php\/wp-json\/wp\/v2\/media\/61027"}],"wp:attachment":[{"href":"https:\/\/nvnoticias.mx\/index.php\/wp-json\/wp\/v2\/media?parent=70569"}],"wp:term":[{"taxonomy":"category","embeddable":true,"href":"https:\/\/nvnoticias.mx\/index.php\/wp-json\/wp\/v2\/categories?post=70569"},{"taxonomy":"post_tag","embeddable":true,"href":"https:\/\/nvnoticias.mx\/index.php\/wp-json\/wp\/v2\/tags?post=70569"}],"curies":[{"name":"wp","href":"https:\/\/api.w.org\/{rel}","templated":true}]}}