{"id":70523,"date":"2022-08-20T09:25:40","date_gmt":"2022-08-20T14:25:40","guid":{"rendered":"https:\/\/nvnoticias.mx\/?p=70523"},"modified":"2022-08-20T09:25:40","modified_gmt":"2022-08-20T14:25:40","slug":"sale-rosario-robles-del-penal-de-santa-martha","status":"publish","type":"post","link":"https:\/\/nvnoticias.mx\/index.php\/2022\/08\/20\/sale-rosario-robles-del-penal-de-santa-martha\/","title":{"rendered":"Sale Rosario Robles del penal de Santa Martha"},"content":{"rendered":"\n<p>Rosario Robles, ex secretaria de Desarrollo Social, qued\u00f3 en libertad este viernes en el penal de Santa Martha Acatitla, luego de tres a\u00f1os en prisi\u00f3n.\u00a0 Epigmenio Mendieta, abogado de la ex funcionaria, indic\u00f3 que el juez de control otorg\u00f3 la libertad provisional a Robles con el cambio de la medida cautelar de prisi\u00f3n preventiva a prohibici\u00f3n para salir del pa\u00eds y firma peri\u00f3dica. <\/p>\n\n\n\n<blockquote class=\"wp-block-quote is-layout-flow wp-block-quote-is-layout-flow\"><p>&#8220;Te puedo confirmar que la decisi\u00f3n que ha tomado el juez Ganther Alejandro Villar Ceballos es modificar la medida cautelar de Rosario Robles por una distinta a la prisi\u00f3n preventiva; se le ha impuesto una firma peri\u00f3dica (quincenal)&#8221;, dijo Mendieta <\/p><\/blockquote>\n\n\n\n<p>El\u00a0litigante se\u00f1al\u00f3 que anoche fue liberada del penal y asegur\u00f3 que \u00e9l se traslad\u00f3 al mismo, para recibir a su clienta. <\/p>\n\n\n\n<blockquote class=\"wp-block-quote is-layout-flow wp-block-quote-is-layout-flow\"><p>&#8220;Esto no significa que se ha terminado el proceso ni tampoco significa que se ha declarado la inocencia de Rosario Robles, es simplemente el cambio de media cautelar, medida cautelar que nosotros hemos demostrado, con base en todo, lo que te hemos contado, siempre fue excesiva&#8221;, declar\u00f3. <\/p><\/blockquote>\n\n\n\n<p>Entre abrazos y l\u00e1grimas, Rosario Robles deja Santa Martha Apenas a un paso de la puerta del penal, familiares y amigos recibieron con abrazos y l\u00e1grimas a Rosario Robles, quien dio unas primeras declaraciones en las que reconoci\u00f3 la injusticia presente en los proceso judiciales de cientos de mujeres.<\/p>\n\n\n\n<blockquote class=\"wp-block-quote is-layout-flow wp-block-quote-is-layout-flow\"><p> &#8220;Han sido tres a\u00f1os de mucho aprendizaje, tres a\u00f1os en los que he conocido en carne propia la injusticia&#8221;, fueron sus primeras palabras. <\/p><\/blockquote>\n\n\n\n<p>Fuente: <a href=\"https:\/\/www.milenio.com\/policia\/rosario-robles-sale-penal-santa-marta-acatitla\" data-type=\"URL\" data-id=\"https:\/\/www.milenio.com\/policia\/rosario-robles-sale-penal-santa-marta-acatitla\">Milenio<\/a><\/p>\n","protected":false},"excerpt":{"rendered":"<p>Rosario Robles, ex secretaria de Desarrollo Social, qued\u00f3 en libertad este viernes en el penal de Santa Martha Acatitla, luego de tres a\u00f1os en prisi\u00f3n.\u00a0 Epigmenio Mendieta, abogado de la ex funcionaria, indic\u00f3 que el juez de control otorg\u00f3 la libertad provisional a Robles con el cambio de la medida cautelar de prisi\u00f3n preventiva a [&hellip;]<\/p>\n","protected":false},"author":35,"featured_media":6552,"comment_status":"open","ping_status":"open","sticky":false,"template":"","format":"standard","meta":{"_monsterinsights_skip_tracking":false,"_monsterinsights_sitenote_active":false,"_monsterinsights_sitenote_note":"","_monsterinsights_sitenote_category":0,"footnotes":""},"categories":[158],"tags":[519,162,1981,18490,11631],"class_list":["post-70523","post","type-post","status-publish","format-standard","has-post-thumbnail","hentry","category-politica","tag-penal","tag-portada","tag-rosario-robles","tag-sale","tag-santa-martha","wp-image-borders"],"amp_enabled":true,"_links":{"self":[{"href":"https:\/\/nvnoticias.mx\/index.php\/wp-json\/wp\/v2\/posts\/70523","targetHints":{"allow":["GET"]}}],"collection":[{"href":"https:\/\/nvnoticias.mx\/index.php\/wp-json\/wp\/v2\/posts"}],"about":[{"href":"https:\/\/nvnoticias.mx\/index.php\/wp-json\/wp\/v2\/types\/post"}],"author":[{"embeddable":true,"href":"https:\/\/nvnoticias.mx\/index.php\/wp-json\/wp\/v2\/users\/35"}],"replies":[{"embeddable":true,"href":"https:\/\/nvnoticias.mx\/index.php\/wp-json\/wp\/v2\/comments?post=70523"}],"version-history":[{"count":4,"href":"https:\/\/nvnoticias.mx\/index.php\/wp-json\/wp\/v2\/posts\/70523\/revisions"}],"predecessor-version":[{"id":70527,"href":"https:\/\/nvnoticias.mx\/index.php\/wp-json\/wp\/v2\/posts\/70523\/revisions\/70527"}],"wp:featuredmedia":[{"embeddable":true,"href":"https:\/\/nvnoticias.mx\/index.php\/wp-json\/wp\/v2\/media\/6552"}],"wp:attachment":[{"href":"https:\/\/nvnoticias.mx\/index.php\/wp-json\/wp\/v2\/media?parent=70523"}],"wp:term":[{"taxonomy":"category","embeddable":true,"href":"https:\/\/nvnoticias.mx\/index.php\/wp-json\/wp\/v2\/categories?post=70523"},{"taxonomy":"post_tag","embeddable":true,"href":"https:\/\/nvnoticias.mx\/index.php\/wp-json\/wp\/v2\/tags?post=70523"}],"curies":[{"name":"wp","href":"https:\/\/api.w.org\/{rel}","templated":true}]}}