{"id":70359,"date":"2022-08-18T18:27:49","date_gmt":"2022-08-18T23:27:49","guid":{"rendered":"https:\/\/nvnoticias.mx\/?p=70359"},"modified":"2022-08-18T18:27:50","modified_gmt":"2022-08-18T23:27:50","slug":"la-soberania-y-lo-estrategico","status":"publish","type":"post","link":"https:\/\/nvnoticias.mx\/index.php\/2022\/08\/18\/la-soberania-y-lo-estrategico\/","title":{"rendered":"La soberan\u00eda y lo estrat\u00e9gico"},"content":{"rendered":"\n<p><strong>Juan Jos\u00e9 Rodr\u00edguez Prats<\/strong><\/p>\n\n\n\n<p>La amenaza que el totalitarismo supon\u00eda no s\u00f3lo era para la libertad y los derechos humanos,&nbsp; sino tambi\u00e9n para la lengua y la conciencia. Rebecca Solnit (Las rosas de Orwell)<\/p>\n\n\n\n<p>La distorsi\u00f3n del lenguaje es una clara manifestaci\u00f3n del populismo. El m\u00e9todo es simple. Considerar sacrosantas ciertas palabras y machacarlas tercamente hasta que se les despoja de racionalidad; no transmiten ideas, provocan emociones.<\/p>\n\n\n\n<p>El tema ha sido abordado y se\u00f1alado como un mal social. En el siglo XX, por dos relevantes pensadores: George Orwell en la literatura y Ludwig Wittgenstein con su Tractatus logico-philosophicus, muy citado, pero poco le\u00eddo por denso e incomprensible.<\/p>\n\n\n\n<p>Se habla de que el populismo crea un neolenguaje. En la sabia Grecia era la demagogia, entendida como \u201cel empleo de halagos, falsas promesas y otros procedimientos similares para convencer al pueblo y convertirlo en instrumento de la propia ambici\u00f3n pol\u00edtica\u201d. En nuestro tiempo, tenemos la posverdad, bulos, fake news y memes. Venenos que complican la convivencia y los valores que la sustentan: confianza y credibilidad.<\/p>\n\n\n\n<p>Una palabra que requiere dilucidar su significado es soberan\u00eda. Griegos y romanos se refer\u00edan a majestas y autoritas, cuyo origen etimol\u00f3gico est\u00e1 en la ra\u00edz latina super omnia, es decir, \u201csobre todo\u201d. El t\u00e9rmino implica concentraci\u00f3n de poder. El diccionario de la RAE lo define como \u201cpoder pol\u00edtico supremo que corresponde a un Estado independiente\u201d.<\/p>\n\n\n\n<p>Grandes pensadores fueron incorporando diversos elementos a un concepto de clara connotaci\u00f3n mon\u00e1rquica para sustentarlo en la participaci\u00f3n ciudadana. Ah\u00ed est\u00e1 el origen de expresiones como voluntad general, soberan\u00eda popular o divisi\u00f3n de poderes.<\/p>\n\n\n\n<p>Digamos que la idea se fue desenajenando del poder por el poder para darle soporte racional y valorativo y se a\u00f1adi\u00f3 algo fundamental: el monopolio de la violencia legal que recae en los \u00f3rganos del Estado.<\/p>\n\n\n\n<p>El \u00faltimo retoque, digamos, fue su vinculaci\u00f3n con el derecho internacional que, aun careciendo de instrumentos eficazmente vinculatorios para su observancia, fue evolucionando hasta alcanzar una gran consolidaci\u00f3n de instituciones que resolvieron graves conflictos, permitiendo una cada vez m\u00e1s s\u00f3lida paz entre las naciones. La mayor haza\u00f1a fue la creaci\u00f3n de la Comunidad Europea, que uni\u00f3 a pa\u00edses que por siglos se hab\u00edan confrontado. La soberan\u00eda pas\u00f3 a radicar en las leyes y en el supremo poder de expedirlas y derogarlas. Desafortunadamente, como suele acontecer, la historia no avanza en forma lineal y progresiva. En nuestro caso, los peligros mayores a nuestras instituciones no vienen del exterior, sino de lo que venimos confirmando en los \u00faltimos a\u00f1os: el resquebrajamiento del Estado de derecho y los altos \u00edndices de violencia e impunidad.<\/p>\n\n\n\n<p>Hermann Heller lo expresa elocuentemente: \u201cLa soberan\u00eda es la potestad de un pueblo, instancia decisoria suprema para determinar la forma de su unidad y de su destino en la historia universal\u201d. Con estas herramientas podemos afirmar que el Estado mexicano pasa por un momento de extrema gravedad y que radica fundamentalmente en una grave indefinici\u00f3n de sus autoridades para concebir una valoraci\u00f3n pol\u00edtica-jur\u00eddica que oriente y d\u00e9 coherencia a las decisiones. No hacerlo conduce a un espejismo y desemboca en una teor\u00eda del Estado y del derecho sin Estado y sin derecho.<\/p>\n\n\n\n<p>Otro concepto que ha trastocado a la administraci\u00f3n p\u00fablica es el de \u00e1reas estrat\u00e9gicas como exclusivas del gobierno. Se incorpor\u00f3 en nuestra Constituci\u00f3n durante la Presidencia de Miguel de la Madrid, despu\u00e9s de la decisi\u00f3n de Jos\u00e9 L\u00f3pez Portillo de expropiar la banca. T\u00e9rmino de origen militar, nunca fue suficientemente definido en nuestras leyes.<\/p>\n\n\n\n<p>Un orden normativo requiere el deslinde de lo p\u00fablico y lo privado. A la confusi\u00f3n heredada, el actual gobierno ha enredado a\u00fan m\u00e1s el asunto con un palabrer\u00edo que es una aut\u00e9ntica maleza imposible de penetrar. Sin entendimiento y consenso de principios elementales no se va a reconstruir nuestra naci\u00f3n.<\/p>\n","protected":false},"excerpt":{"rendered":"<p>Juan Jos\u00e9 Rodr\u00edguez Prats La amenaza que el totalitarismo supon\u00eda no s\u00f3lo era para la libertad y los derechos humanos,&nbsp; sino tambi\u00e9n para la lengua y la conciencia. Rebecca Solnit (Las rosas de Orwell) La distorsi\u00f3n del lenguaje es una clara manifestaci\u00f3n del populismo. El m\u00e9todo es simple. Considerar sacrosantas ciertas palabras y machacarlas tercamente [&hellip;]<\/p>\n","protected":false},"author":17,"featured_media":70360,"comment_status":"open","ping_status":"open","sticky":false,"template":"","format":"standard","meta":{"_monsterinsights_skip_tracking":false,"_monsterinsights_sitenote_active":false,"_monsterinsights_sitenote_note":"","_monsterinsights_sitenote_category":0,"footnotes":""},"categories":[614],"tags":[397],"class_list":["post-70359","post","type-post","status-publish","format-standard","has-post-thumbnail","hentry","category-politica-de-principios","tag-juan-jose-rodriguez-prats-2","wp-image-borders"],"amp_enabled":true,"_links":{"self":[{"href":"https:\/\/nvnoticias.mx\/index.php\/wp-json\/wp\/v2\/posts\/70359","targetHints":{"allow":["GET"]}}],"collection":[{"href":"https:\/\/nvnoticias.mx\/index.php\/wp-json\/wp\/v2\/posts"}],"about":[{"href":"https:\/\/nvnoticias.mx\/index.php\/wp-json\/wp\/v2\/types\/post"}],"author":[{"embeddable":true,"href":"https:\/\/nvnoticias.mx\/index.php\/wp-json\/wp\/v2\/users\/17"}],"replies":[{"embeddable":true,"href":"https:\/\/nvnoticias.mx\/index.php\/wp-json\/wp\/v2\/comments?post=70359"}],"version-history":[{"count":1,"href":"https:\/\/nvnoticias.mx\/index.php\/wp-json\/wp\/v2\/posts\/70359\/revisions"}],"predecessor-version":[{"id":70361,"href":"https:\/\/nvnoticias.mx\/index.php\/wp-json\/wp\/v2\/posts\/70359\/revisions\/70361"}],"wp:featuredmedia":[{"embeddable":true,"href":"https:\/\/nvnoticias.mx\/index.php\/wp-json\/wp\/v2\/media\/70360"}],"wp:attachment":[{"href":"https:\/\/nvnoticias.mx\/index.php\/wp-json\/wp\/v2\/media?parent=70359"}],"wp:term":[{"taxonomy":"category","embeddable":true,"href":"https:\/\/nvnoticias.mx\/index.php\/wp-json\/wp\/v2\/categories?post=70359"},{"taxonomy":"post_tag","embeddable":true,"href":"https:\/\/nvnoticias.mx\/index.php\/wp-json\/wp\/v2\/tags?post=70359"}],"curies":[{"name":"wp","href":"https:\/\/api.w.org\/{rel}","templated":true}]}}