{"id":70211,"date":"2022-08-17T14:28:32","date_gmt":"2022-08-17T19:28:32","guid":{"rendered":"https:\/\/nvnoticias.mx\/?p=70211"},"modified":"2022-08-17T14:28:33","modified_gmt":"2022-08-17T19:28:33","slug":"del-2-al-4-de-septiembre-sera-el-costa-esmeralda-fest-2022-en-tecolutla","status":"publish","type":"post","link":"https:\/\/nvnoticias.mx\/index.php\/2022\/08\/17\/del-2-al-4-de-septiembre-sera-el-costa-esmeralda-fest-2022-en-tecolutla\/","title":{"rendered":"Del 2 al 4 de septiembre ser\u00e1 el Costa Esmeralda Fest 2022, en Tecolutla"},"content":{"rendered":"\n<p><strong>Jes\u00fas Utrilla \/ NV Noticias<\/strong><\/p>\n\n\n\n<p>Autoridades estatales y prestadores de servicios tur\u00edsticos invitaron al Costa Esmeralda Fest 2022, a desarrollarse del 2 al 4 de septiembre en Tecolutla. Habr\u00e1 m\u00fasica, deporte, cultura y playa.<\/p>\n\n\n\n<p>El secretario de Turismo Iv\u00e1n Mart\u00ednez Olvera dijo que se espera una derrama econ\u00f3mica de 45 millones de pesos.<\/p>\n\n\n\n<p>El viernes estar\u00e1n en el escenario: DJ Shei; LGN SHT e Inspector.<\/p>\n\n\n\n<p>El s\u00e1bado: Uzielito Mix; Divisi\u00f3n Min\u00fascula, Gente de Zona y Guaynaa.<\/p>\n\n\n\n<p>Se contar\u00e1 con 7 mil motociclistas quienes llegar\u00e1n al festival.<\/p>\n\n\n\n<blockquote class=\"wp-block-quote is-layout-flow wp-block-quote-is-layout-flow\"><p>\u201c<em>Este es un evento de corte juvenil, de playa, din\u00e1mico y divertido. Ser\u00e1n muchas actividades, pues no solo ser\u00e1 musical. Tendr\u00e1 un sin fin de actividades los d\u00edas viernes, s\u00e1bado y domingo<\/em>\u201d.<\/p><\/blockquote>\n\n\n\n<p>Jorge Arturo De Alba Downham, prestador de servicios de Costa Esmeralda, afirm\u00f3 que ya tienen reservaciones al 60 por ciento.<\/p>\n\n\n\n<blockquote class=\"wp-block-quote is-layout-flow wp-block-quote-is-layout-flow\"><p>\u201c<em>Esperamos llenar los hoteles. En el primer festival fueron 7 mil personas y esperamos que este rebase porque se est\u00e1 haciendo muy buena publicidad<\/em>\u201d.<\/p><\/blockquote>\n\n\n\n<p>De acuerdo a las reservaciones el viernes estar\u00e1n 15 mil personas, cerca de 20 mil el segundo y 10 mil el tercer d\u00eda.\u00a0\u00a0<\/p>\n\n\n\n<p>Las autoridades estatales afirmaron que la seguridad estar\u00e1 garantizada para los turistas. <\/p>\n\n\n\n<p>Adem\u00e1s habr\u00e1 filtros en la carretera para prevenir accidentes y apoyar al cruce peatonal.\u00a0<\/p>\n\n\n\n<p>Habr\u00e1 actividades deportivas como el torneo de voleibol de playa y f\u00fatbol de playa. Tambi\u00e9n se podr\u00e1 disfrutar de actividades culturales y gastron\u00f3micas.<\/p>\n","protected":false},"excerpt":{"rendered":"<p>Jes\u00fas Utrilla \/ NV Noticias Autoridades estatales y prestadores de servicios tur\u00edsticos invitaron al Costa Esmeralda Fest 2022, a desarrollarse del 2 al 4 de septiembre en Tecolutla. Habr\u00e1 m\u00fasica, deporte, cultura y playa. El secretario de Turismo Iv\u00e1n Mart\u00ednez Olvera dijo que se espera una derrama econ\u00f3mica de 45 millones de pesos. El viernes [&hellip;]<\/p>\n","protected":false},"author":8,"featured_media":70212,"comment_status":"open","ping_status":"open","sticky":false,"template":"","format":"standard","meta":{"_monsterinsights_skip_tracking":false,"_monsterinsights_sitenote_active":false,"_monsterinsights_sitenote_note":"","_monsterinsights_sitenote_category":0,"footnotes":""},"categories":[154],"tags":[17954,1284],"class_list":["post-70211","post","type-post","status-publish","format-standard","has-post-thumbnail","hentry","category-veracruz","tag-costa-esmeralda-fest","tag-tecolutla","wp-image-borders"],"amp_enabled":true,"_links":{"self":[{"href":"https:\/\/nvnoticias.mx\/index.php\/wp-json\/wp\/v2\/posts\/70211","targetHints":{"allow":["GET"]}}],"collection":[{"href":"https:\/\/nvnoticias.mx\/index.php\/wp-json\/wp\/v2\/posts"}],"about":[{"href":"https:\/\/nvnoticias.mx\/index.php\/wp-json\/wp\/v2\/types\/post"}],"author":[{"embeddable":true,"href":"https:\/\/nvnoticias.mx\/index.php\/wp-json\/wp\/v2\/users\/8"}],"replies":[{"embeddable":true,"href":"https:\/\/nvnoticias.mx\/index.php\/wp-json\/wp\/v2\/comments?post=70211"}],"version-history":[{"count":1,"href":"https:\/\/nvnoticias.mx\/index.php\/wp-json\/wp\/v2\/posts\/70211\/revisions"}],"predecessor-version":[{"id":70213,"href":"https:\/\/nvnoticias.mx\/index.php\/wp-json\/wp\/v2\/posts\/70211\/revisions\/70213"}],"wp:featuredmedia":[{"embeddable":true,"href":"https:\/\/nvnoticias.mx\/index.php\/wp-json\/wp\/v2\/media\/70212"}],"wp:attachment":[{"href":"https:\/\/nvnoticias.mx\/index.php\/wp-json\/wp\/v2\/media?parent=70211"}],"wp:term":[{"taxonomy":"category","embeddable":true,"href":"https:\/\/nvnoticias.mx\/index.php\/wp-json\/wp\/v2\/categories?post=70211"},{"taxonomy":"post_tag","embeddable":true,"href":"https:\/\/nvnoticias.mx\/index.php\/wp-json\/wp\/v2\/tags?post=70211"}],"curies":[{"name":"wp","href":"https:\/\/api.w.org\/{rel}","templated":true}]}}