{"id":70171,"date":"2022-08-17T13:15:14","date_gmt":"2022-08-17T18:15:14","guid":{"rendered":"https:\/\/nvnoticias.mx\/?p=70171"},"modified":"2022-08-17T13:15:15","modified_gmt":"2022-08-17T18:15:15","slug":"se-han-encontrado-metales-pesados-en-los-arrecifes-de-veracruz","status":"publish","type":"post","link":"https:\/\/nvnoticias.mx\/index.php\/2022\/08\/17\/se-han-encontrado-metales-pesados-en-los-arrecifes-de-veracruz\/","title":{"rendered":"Se han encontrado metales pesados en los  arrecifes de Veracruz"},"content":{"rendered":"\n<p><strong>Jes\u00fas Utrilla \/ NV Noticias<\/strong><\/p>\n\n\n\n<p>Los arrecifes de Veracruz y Tuxpan son de los m\u00e1s conservados del pa\u00eds, sin embargo, persiste la contaminaci\u00f3n ya que se han encontrado metales y residuos diversos, se\u00f1al\u00f3 Cristopher Gonz\u00e1lez Blanca, director del Sistema Arrecifal Veracruzano.<\/p>\n\n\n\n<p>Dijo que tan solo en el \u00e1rea son 210 descargas al mar y de ellas 97 contaminan.<\/p>\n\n\n\n<p>Sin embargo, es complicado determinar la fuente de contaminaci\u00f3n ya que hoteles, restaurantes, viviendas, entre otros, podr\u00edan estar conectados a la red.<\/p>\n\n\n\n<blockquote class=\"wp-block-quote is-layout-flow wp-block-quote-is-layout-flow\"><p>\u201c<em>Hay monitoreo y evaluando que no haya nuevas descargas. Analizamos la arena y el agua para ver c\u00f3mo va el tema de los contaminantes que llegan a los arrecifes. Se han encontrado m\u00e9rales pesados y contaminantes<\/em>\u201d.<\/p><\/blockquote>\n\n\n\n<p>Adem\u00e1s se tiene la influencia de tres r\u00edos que desembocan en la zona.<\/p>\n\n\n\n<p>Por ello se debe trabajar en coordinaci\u00f3n para mantener en buen estado los arrecifes.<\/p>\n\n\n\n<blockquote class=\"wp-block-quote is-layout-flow wp-block-quote-is-layout-flow\"><p>\u201c<em>Tenemos una gran fuente de contaminantes desde los\u00a0 r\u00edos y esto estresa a los corales. En Veracruz en los \u00faltimos dos a\u00f1os ha aumentado<\/em>\u201d.<\/p><\/blockquote>\n\n\n\n<p>Gonz\u00e1lez Blanca acudi\u00f3 a la inauguraci\u00f3n de la Exposici\u00f3n \u201c30 a\u00f1os de protecci\u00f3n de los arrecifes de Veracruz\u201d, en el Recinto de la Reforma.<\/p>\n","protected":false},"excerpt":{"rendered":"<p>Jes\u00fas Utrilla \/ NV Noticias Los arrecifes de Veracruz y Tuxpan son de los m\u00e1s conservados del pa\u00eds, sin embargo, persiste la contaminaci\u00f3n ya que se han encontrado metales y residuos diversos, se\u00f1al\u00f3 Cristopher Gonz\u00e1lez Blanca, director del Sistema Arrecifal Veracruzano. Dijo que tan solo en el \u00e1rea son 210 descargas al mar y de [&hellip;]<\/p>\n","protected":false},"author":8,"featured_media":44748,"comment_status":"open","ping_status":"open","sticky":false,"template":"","format":"standard","meta":{"_monsterinsights_skip_tracking":false,"_monsterinsights_sitenote_active":false,"_monsterinsights_sitenote_note":"","_monsterinsights_sitenote_category":0,"footnotes":""},"categories":[154],"tags":[11695,18396,180],"class_list":["post-70171","post","type-post","status-publish","format-standard","has-post-thumbnail","hentry","category-veracruz","tag-arrecifes","tag-metales-pesados","tag-veracruz","wp-image-borders"],"amp_enabled":true,"_links":{"self":[{"href":"https:\/\/nvnoticias.mx\/index.php\/wp-json\/wp\/v2\/posts\/70171","targetHints":{"allow":["GET"]}}],"collection":[{"href":"https:\/\/nvnoticias.mx\/index.php\/wp-json\/wp\/v2\/posts"}],"about":[{"href":"https:\/\/nvnoticias.mx\/index.php\/wp-json\/wp\/v2\/types\/post"}],"author":[{"embeddable":true,"href":"https:\/\/nvnoticias.mx\/index.php\/wp-json\/wp\/v2\/users\/8"}],"replies":[{"embeddable":true,"href":"https:\/\/nvnoticias.mx\/index.php\/wp-json\/wp\/v2\/comments?post=70171"}],"version-history":[{"count":1,"href":"https:\/\/nvnoticias.mx\/index.php\/wp-json\/wp\/v2\/posts\/70171\/revisions"}],"predecessor-version":[{"id":70174,"href":"https:\/\/nvnoticias.mx\/index.php\/wp-json\/wp\/v2\/posts\/70171\/revisions\/70174"}],"wp:featuredmedia":[{"embeddable":true,"href":"https:\/\/nvnoticias.mx\/index.php\/wp-json\/wp\/v2\/media\/44748"}],"wp:attachment":[{"href":"https:\/\/nvnoticias.mx\/index.php\/wp-json\/wp\/v2\/media?parent=70171"}],"wp:term":[{"taxonomy":"category","embeddable":true,"href":"https:\/\/nvnoticias.mx\/index.php\/wp-json\/wp\/v2\/categories?post=70171"},{"taxonomy":"post_tag","embeddable":true,"href":"https:\/\/nvnoticias.mx\/index.php\/wp-json\/wp\/v2\/tags?post=70171"}],"curies":[{"name":"wp","href":"https:\/\/api.w.org\/{rel}","templated":true}]}}