{"id":70074,"date":"2022-08-16T14:57:22","date_gmt":"2022-08-16T19:57:22","guid":{"rendered":"https:\/\/nvnoticias.mx\/?p=70074"},"modified":"2022-08-16T14:57:23","modified_gmt":"2022-08-16T19:57:23","slug":"pedro-hernandez-asumio-el-cargo-de-comandante-del-83-batallon-de-infanteria","status":"publish","type":"post","link":"https:\/\/nvnoticias.mx\/index.php\/2022\/08\/16\/pedro-hernandez-asumio-el-cargo-de-comandante-del-83-batallon-de-infanteria\/","title":{"rendered":"Pedro Hern\u00e1ndez asumi\u00f3 el cargo de comandante del 83 Batall\u00f3n de Infanter\u00eda"},"content":{"rendered":"\n<p><strong>Jes\u00fas Utrilla \/ NV Noticias<\/strong><\/p>\n\n\n\n<p>Pedro Hern\u00e1ndez Bernal asumi\u00f3 el cargo de comandante del 83 Batall\u00f3n de Infanter\u00eda.<\/p>\n\n\n\n<p>Dijo que se coordinar\u00e1 con los alcaldes de Veracruz y Boca Del R\u00edo aunque por el momento no se contempla incremento de elementos.<\/p>\n\n\n\n<p>La protesta le fue tomada por Jos\u00e9 Francisco Camarena Hern\u00e1ndez, comandante de la 26 Zona Militar en Veracruz.<\/p>\n\n\n\n<blockquote class=\"wp-block-quote is-layout-flow wp-block-quote-is-layout-flow\"><p>\u201c<em>A partir de esta fecha como lo pudieron ver en la ceremonia vamos a ser los encargados de dirigir el 83 Batall\u00f3n de Infanter\u00eda y la encomienda es estar en coordinaci\u00f3n con los gobiernos para mantener un M\u00e9xico en paz y con seguridad y vamos a estar bajos las ordenes que nos gire la comandancia de la 26 Zona Militar para contribuir con la parte que nos corresponde<\/em>\u201d.<\/p><\/blockquote>\n\n\n\n<p>Aclar\u00f3 que la rotaci\u00f3n que se realiz\u00f3 fue un proceso normal que realiza la Secretar\u00eda de la Defensa Nacional.<\/p>\n","protected":false},"excerpt":{"rendered":"<p>Jes\u00fas Utrilla \/ NV Noticias Pedro Hern\u00e1ndez Bernal asumi\u00f3 el cargo de comandante del 83 Batall\u00f3n de Infanter\u00eda. Dijo que se coordinar\u00e1 con los alcaldes de Veracruz y Boca Del R\u00edo aunque por el momento no se contempla incremento de elementos. La protesta le fue tomada por Jos\u00e9 Francisco Camarena Hern\u00e1ndez, comandante de la 26 [&hellip;]<\/p>\n","protected":false},"author":8,"featured_media":70076,"comment_status":"open","ping_status":"open","sticky":false,"template":"","format":"standard","meta":{"_monsterinsights_skip_tracking":false,"_monsterinsights_sitenote_active":false,"_monsterinsights_sitenote_note":"","_monsterinsights_sitenote_category":0,"footnotes":""},"categories":[154],"tags":[18382,18383,7417],"class_list":["post-70074","post","type-post","status-publish","format-standard","has-post-thumbnail","hentry","category-veracruz","tag-comandante-del-83-batallon","tag-infanteria","tag-pedro-hernandez","wp-image-borders"],"amp_enabled":true,"_links":{"self":[{"href":"https:\/\/nvnoticias.mx\/index.php\/wp-json\/wp\/v2\/posts\/70074","targetHints":{"allow":["GET"]}}],"collection":[{"href":"https:\/\/nvnoticias.mx\/index.php\/wp-json\/wp\/v2\/posts"}],"about":[{"href":"https:\/\/nvnoticias.mx\/index.php\/wp-json\/wp\/v2\/types\/post"}],"author":[{"embeddable":true,"href":"https:\/\/nvnoticias.mx\/index.php\/wp-json\/wp\/v2\/users\/8"}],"replies":[{"embeddable":true,"href":"https:\/\/nvnoticias.mx\/index.php\/wp-json\/wp\/v2\/comments?post=70074"}],"version-history":[{"count":1,"href":"https:\/\/nvnoticias.mx\/index.php\/wp-json\/wp\/v2\/posts\/70074\/revisions"}],"predecessor-version":[{"id":70077,"href":"https:\/\/nvnoticias.mx\/index.php\/wp-json\/wp\/v2\/posts\/70074\/revisions\/70077"}],"wp:featuredmedia":[{"embeddable":true,"href":"https:\/\/nvnoticias.mx\/index.php\/wp-json\/wp\/v2\/media\/70076"}],"wp:attachment":[{"href":"https:\/\/nvnoticias.mx\/index.php\/wp-json\/wp\/v2\/media?parent=70074"}],"wp:term":[{"taxonomy":"category","embeddable":true,"href":"https:\/\/nvnoticias.mx\/index.php\/wp-json\/wp\/v2\/categories?post=70074"},{"taxonomy":"post_tag","embeddable":true,"href":"https:\/\/nvnoticias.mx\/index.php\/wp-json\/wp\/v2\/tags?post=70074"}],"curies":[{"name":"wp","href":"https:\/\/api.w.org\/{rel}","templated":true}]}}