{"id":7007,"date":"2021-03-08T20:36:36","date_gmt":"2021-03-09T02:36:36","guid":{"rendered":"https:\/\/nvnoticias.mx\/?p=7007"},"modified":"2021-03-08T20:36:38","modified_gmt":"2021-03-09T02:36:38","slug":"ya-hacen-fila-para-vacuna-covid-19","status":"publish","type":"post","link":"https:\/\/nvnoticias.mx\/index.php\/2021\/03\/08\/ya-hacen-fila-para-vacuna-covid-19\/","title":{"rendered":"Ya hacen fila para vacuna contra el covid-19 en Veracruz"},"content":{"rendered":"\n<p>Redacci\u00f3n<\/p>\n\n\n\n<p>Previo al inicio de la Campa\u00f1a de vacunaci\u00f3n a adultos mayores contra el covid-19 en Veracruz Puerto, algunos ciudadanos ya se encuentran realizando fila a las afueras del Club de Leones.<\/p>\n\n\n\n<p>Hay que recordar que ma\u00f1ana martes inicia la inoculaci\u00f3n a personas de 60 a\u00f1os y m\u00e1s, quienes deben acudir a recibir la dosis por orden alfab\u00e9tico de acuerdo a su primer apellido.<\/p>\n\n\n\n<p>Los requisitos que deben presentar los adultos mayores son: comprobante de domicilio, identificaci\u00f3n oficial (INE) y CURP.<\/p>\n\n\n\n<figure class=\"wp-block-gallery columns-2 is-cropped wp-block-gallery-1 is-layout-flex wp-block-gallery-is-layout-flex\"><ul class=\"blocks-gallery-grid\"><li class=\"blocks-gallery-item\"><figure><img loading=\"lazy\" decoding=\"async\" width=\"1024\" height=\"682\" src=\"https:\/\/nvnoticias.mx\/wp-content\/uploads\/2021\/03\/IMG-20210308-WA0031-1024x682.jpg\" alt=\"\" data-id=\"7009\" data-full-url=\"https:\/\/nvnoticias.mx\/wp-content\/uploads\/2021\/03\/IMG-20210308-WA0031.jpg\" data-link=\"https:\/\/nvnoticias.mx\/?attachment_id=7009\" class=\"wp-image-7009\" srcset=\"https:\/\/nvnoticias.mx\/wp-content\/uploads\/2021\/03\/IMG-20210308-WA0031-1024x682.jpg 1024w, https:\/\/nvnoticias.mx\/wp-content\/uploads\/2021\/03\/IMG-20210308-WA0031-300x200.jpg 300w, https:\/\/nvnoticias.mx\/wp-content\/uploads\/2021\/03\/IMG-20210308-WA0031-768x512.jpg 768w, https:\/\/nvnoticias.mx\/wp-content\/uploads\/2021\/03\/IMG-20210308-WA0031.jpg 1280w\" sizes=\"auto, (max-width: 1024px) 100vw, 1024px\" \/><\/figure><\/li><li class=\"blocks-gallery-item\"><figure><img loading=\"lazy\" decoding=\"async\" width=\"1024\" height=\"682\" src=\"https:\/\/nvnoticias.mx\/wp-content\/uploads\/2021\/03\/IMG-20210308-WA0029-1024x682.jpg\" alt=\"\" data-id=\"7011\" data-full-url=\"https:\/\/nvnoticias.mx\/wp-content\/uploads\/2021\/03\/IMG-20210308-WA0029.jpg\" data-link=\"https:\/\/nvnoticias.mx\/?attachment_id=7011\" class=\"wp-image-7011\" srcset=\"https:\/\/nvnoticias.mx\/wp-content\/uploads\/2021\/03\/IMG-20210308-WA0029-1024x682.jpg 1024w, https:\/\/nvnoticias.mx\/wp-content\/uploads\/2021\/03\/IMG-20210308-WA0029-300x200.jpg 300w, https:\/\/nvnoticias.mx\/wp-content\/uploads\/2021\/03\/IMG-20210308-WA0029-768x512.jpg 768w, https:\/\/nvnoticias.mx\/wp-content\/uploads\/2021\/03\/IMG-20210308-WA0029.jpg 1280w\" sizes=\"auto, (max-width: 1024px) 100vw, 1024px\" \/><\/figure><\/li><\/ul><\/figure>\n\n\n\n<p><\/p>\n","protected":false},"excerpt":{"rendered":"<p>Redacci\u00f3n Previo al inicio de la Campa\u00f1a de vacunaci\u00f3n a adultos mayores contra el covid-19 en Veracruz Puerto, algunos ciudadanos ya se encuentran realizando fila a las afueras del Club de Leones. Hay que recordar que ma\u00f1ana martes inicia la inoculaci\u00f3n a personas de 60 a\u00f1os y m\u00e1s, quienes deben acudir a recibir la dosis [&hellip;]<\/p>\n","protected":false},"author":6,"featured_media":7010,"comment_status":"open","ping_status":"open","sticky":false,"template":"","format":"standard","meta":{"_monsterinsights_skip_tracking":false,"_monsterinsights_sitenote_active":false,"_monsterinsights_sitenote_note":"","_monsterinsights_sitenote_category":0,"footnotes":""},"categories":[154],"tags":[175,162,217,180],"class_list":["post-7007","post","type-post","status-publish","format-standard","has-post-thumbnail","hentry","category-veracruz","tag-covid-19","tag-portada","tag-vacuna","tag-veracruz","wp-image-borders"],"amp_enabled":true,"_links":{"self":[{"href":"https:\/\/nvnoticias.mx\/index.php\/wp-json\/wp\/v2\/posts\/7007","targetHints":{"allow":["GET"]}}],"collection":[{"href":"https:\/\/nvnoticias.mx\/index.php\/wp-json\/wp\/v2\/posts"}],"about":[{"href":"https:\/\/nvnoticias.mx\/index.php\/wp-json\/wp\/v2\/types\/post"}],"author":[{"embeddable":true,"href":"https:\/\/nvnoticias.mx\/index.php\/wp-json\/wp\/v2\/users\/6"}],"replies":[{"embeddable":true,"href":"https:\/\/nvnoticias.mx\/index.php\/wp-json\/wp\/v2\/comments?post=7007"}],"version-history":[{"count":2,"href":"https:\/\/nvnoticias.mx\/index.php\/wp-json\/wp\/v2\/posts\/7007\/revisions"}],"predecessor-version":[{"id":7013,"href":"https:\/\/nvnoticias.mx\/index.php\/wp-json\/wp\/v2\/posts\/7007\/revisions\/7013"}],"wp:featuredmedia":[{"embeddable":true,"href":"https:\/\/nvnoticias.mx\/index.php\/wp-json\/wp\/v2\/media\/7010"}],"wp:attachment":[{"href":"https:\/\/nvnoticias.mx\/index.php\/wp-json\/wp\/v2\/media?parent=7007"}],"wp:term":[{"taxonomy":"category","embeddable":true,"href":"https:\/\/nvnoticias.mx\/index.php\/wp-json\/wp\/v2\/categories?post=7007"},{"taxonomy":"post_tag","embeddable":true,"href":"https:\/\/nvnoticias.mx\/index.php\/wp-json\/wp\/v2\/tags?post=7007"}],"curies":[{"name":"wp","href":"https:\/\/api.w.org\/{rel}","templated":true}]}}