{"id":7004,"date":"2021-03-08T19:20:29","date_gmt":"2021-03-09T01:20:29","guid":{"rendered":"https:\/\/nvnoticias.mx\/?p=7004"},"modified":"2021-03-08T19:20:30","modified_gmt":"2021-03-09T01:20:30","slug":"colmena-verde-se-concentran-en-el-zocalo","status":"publish","type":"post","link":"https:\/\/nvnoticias.mx\/index.php\/2021\/03\/08\/colmena-verde-se-concentran-en-el-zocalo\/","title":{"rendered":"Colmena Verde se concentran en el z\u00f3calo para sumarse al 8M"},"content":{"rendered":"\n<p><strong>Jes\u00fas Utrilla \/ NV Noticias<\/strong><\/p>\n\n\n\n<p>Veracruz.- Mujeres de Veracruz elaboran un lienzo en el z\u00f3calo para colocarlo en alg\u00fan espacio abandonado de la ciudad y exigir respeto a los derechos humanos de las f\u00e9minas.<\/p>\n\n\n\n<p>Nancy Torres, del Colectivo Colmena Verde, dijo que la sociedad debe tener empat\u00eda y que se se vea con respeto la lucha que encabezan los grupos feministas.<\/p>\n\n\n\n<p>Agreg\u00f3 que las cifras de violencia y feminicidios dan cuenta de la realidad que se vive, ademas que ninguna una est\u00e1 ajena de ser v\u00edctima.<\/p>\n\n\n\n<blockquote class=\"wp-block-quote is-layout-flow wp-block-quote-is-layout-flow\"><p>\u201cEstamos aqu\u00ed haciendo un lienzo para un mural que se colocar\u00e1 en alg\u00fan espacio abandonado. El tema es: por las que somos, por las que estamos y las que vienen. Lo que deseamos todas de como nos gustar\u00eda vivir, en que entorno, mundo y con que realidad.Que todas buscamos un mundo mejor para todas donde quepan todas y con respeto\u201d.<\/p><\/blockquote>\n\n\n\n<p>Admiti\u00f3 que es un gran avance la Ley de Acceso a una Vida Libre de Violencia pero debe aplicarse.<\/p>\n\n\n\n<p>Consider\u00f3 que falta educaci\u00f3n, misma que no solo depende del gobierno sino de la sociedad.<\/p>\n\n\n\n<blockquote class=\"wp-block-quote is-layout-flow wp-block-quote-is-layout-flow\"><p>\u201cOjal\u00e1 los hombres se sumaran a respetar la lucha que tenemos porque todas estamos buscando hacer crecer nuestros derechos humanos. Nosotras salimos a la calle con miedo, estamos todo el tiempo en la Zozobra de ser asesinadas, avisadas o ser v\u00edctimas de violencia\u201d.<\/p><\/blockquote>\n\n\n\n<p>Las mujeres se concentraron en el z\u00f3calo de Veracruz como parte de los movimientos de 8 de marzo, por el D\u00eda Internacional de la Mujer.<\/p>\n","protected":false},"excerpt":{"rendered":"<p>Jes\u00fas Utrilla \/ NV Noticias Veracruz.- Mujeres de Veracruz elaboran un lienzo en el z\u00f3calo para colocarlo en alg\u00fan espacio abandonado de la ciudad y exigir respeto a los derechos humanos de las f\u00e9minas. Nancy Torres, del Colectivo Colmena Verde, dijo que la sociedad debe tener empat\u00eda y que se se vea con respeto la [&hellip;]<\/p>\n","protected":false},"author":6,"featured_media":7005,"comment_status":"open","ping_status":"open","sticky":false,"template":"","format":"standard","meta":{"_monsterinsights_skip_tracking":false,"_monsterinsights_sitenote_active":false,"_monsterinsights_sitenote_note":"","_monsterinsights_sitenote_category":0,"footnotes":""},"categories":[154],"tags":[2054,573,162,180],"class_list":["post-7004","post","type-post","status-publish","format-standard","has-post-thumbnail","hentry","category-veracruz","tag-8m","tag-mujeres","tag-portada","tag-veracruz","wp-image-borders"],"amp_enabled":true,"_links":{"self":[{"href":"https:\/\/nvnoticias.mx\/index.php\/wp-json\/wp\/v2\/posts\/7004","targetHints":{"allow":["GET"]}}],"collection":[{"href":"https:\/\/nvnoticias.mx\/index.php\/wp-json\/wp\/v2\/posts"}],"about":[{"href":"https:\/\/nvnoticias.mx\/index.php\/wp-json\/wp\/v2\/types\/post"}],"author":[{"embeddable":true,"href":"https:\/\/nvnoticias.mx\/index.php\/wp-json\/wp\/v2\/users\/6"}],"replies":[{"embeddable":true,"href":"https:\/\/nvnoticias.mx\/index.php\/wp-json\/wp\/v2\/comments?post=7004"}],"version-history":[{"count":1,"href":"https:\/\/nvnoticias.mx\/index.php\/wp-json\/wp\/v2\/posts\/7004\/revisions"}],"predecessor-version":[{"id":7006,"href":"https:\/\/nvnoticias.mx\/index.php\/wp-json\/wp\/v2\/posts\/7004\/revisions\/7006"}],"wp:featuredmedia":[{"embeddable":true,"href":"https:\/\/nvnoticias.mx\/index.php\/wp-json\/wp\/v2\/media\/7005"}],"wp:attachment":[{"href":"https:\/\/nvnoticias.mx\/index.php\/wp-json\/wp\/v2\/media?parent=7004"}],"wp:term":[{"taxonomy":"category","embeddable":true,"href":"https:\/\/nvnoticias.mx\/index.php\/wp-json\/wp\/v2\/categories?post=7004"},{"taxonomy":"post_tag","embeddable":true,"href":"https:\/\/nvnoticias.mx\/index.php\/wp-json\/wp\/v2\/tags?post=7004"}],"curies":[{"name":"wp","href":"https:\/\/api.w.org\/{rel}","templated":true}]}}